{"id":192724,"date":"2025-12-18T00:41:08","date_gmt":"2025-12-18T00:41:08","guid":{"rendered":"https:\/\/www.europesays.com\/pt\/192724\/"},"modified":"2025-12-18T00:41:08","modified_gmt":"2025-12-18T00:41:08","slug":"cotado-para-o-bbb-26-cantor-comprou-jatinho-de-r-6-milhoes-e-cobertura-de-r-4-milhoes","status":"publish","type":"post","link":"https:\/\/www.europesays.com\/pt\/192724\/","title":{"rendered":"Cotado para o BBB 26, cantor comprou jatinho de R$ 6 milh\u00f5es e cobertura de R$ 4 milh\u00f5es"},"content":{"rendered":"<p>Nome constante na lista de celebridades cotadas para o\u00a0<a href=\"https:\/\/caras.com.br\/tags\/bbb-26\" rel=\"nofollow noopener\" target=\"_blank\">BBB 26<\/a>, <a href=\"https:\/\/caras.com.br\/tags\/mc-livinho\" rel=\"nofollow noopener\" target=\"_blank\"><strong>MC <\/strong><strong>Livinho<\/strong><\/a> (31) j\u00e1 colheu diversos frutos de seu trabalho como cantor. Bem-sucedido, com a agenda lotada de shows e participa\u00e7\u00f5es em diversos programas da TV, o m\u00fasico hoje vive em uma mans\u00e3o de luxo em Mogi das Cruzes, por\u00e9m, em 2017, comprou uma cobertura de R$ 4 milh\u00f5es e um jatinho particular de R$ 6 milh\u00f5es.<\/p>\n<p><strong>Leia tamb\u00e9m<\/strong>: <a href=\"https:\/\/caras.com.br\/bem-estar\/mc-livinho-faz-atualizacao-de-seu-estado-de-saude.phtml\" rel=\"nofollow noopener\" target=\"_blank\">Quase um m\u00eas ap\u00f3s o acidente, MC Livinho faz atualiza\u00e7\u00e3o de estado de sa\u00fade<\/a><\/p>\n<p>\u00c0 \u00e9poca, MC Livinho deu uma grande festa para inaugurar sua cobertura, localizada em S\u00e3o Paulo. De acordo com o portal Metr\u00f3poles, a compra teria sido feita junto a <strong>Rodrigo GR6<\/strong>, ent\u00e3o empres\u00e1rio do artista, e o jatinho teria sido adquirido para facilitar o deslocamento do cantor, que fazia mais de 25 apresenta\u00e7\u00f5es por m\u00eas em todo o Brasil. Al\u00e9m disso, ele tamb\u00e9m possu\u00eda um Porsche Macan Turbo, que custava R$ 550 mil.<\/p>\n<p> Mans\u00e3o de alto padr\u00e3o <\/p>\n<p>Em 2023, ele investiu em mais um im\u00f3vel de alto padr\u00e3o. O cantor comprou uma mans\u00e3o em um condom\u00ednio de luxo na cidade interiorana do estado de S\u00e3o Paulo e, atrav\u00e9s das redes sociais, j\u00e1 compartilhou alguns detalhes com os f\u00e3s. O banheiro de ouro e o elevador s\u00e3o os itens que mais chamaram aten\u00e7\u00e3o.<\/p>\n<p>Cotado para o reality global, ele fez parte do elenco do\u00a0<a href=\"https:\/\/caras.com.br\/tags\/danca-dos-famosos\" rel=\"nofollow noopener\" target=\"_blank\">Dan\u00e7a dos Famosos 2025<\/a>, quadro do\u00a0<a href=\"https:\/\/caras.com.br\/tags\/domingao-com-huck\" rel=\"nofollow noopener\" target=\"_blank\">Doming\u00e3o com Huck<\/a>. No entanto, antes de come\u00e7ar a competi\u00e7\u00e3o de fato, o artista precisou ser afastado por passar por um acidente de moto, perfurar seu pulm\u00e3o e sofrer uma fratura de um dedo da m\u00e3o esquerda.<\/p>\n<p>\u00c0 \u00e9poca, ele chegou a ficar internado na UTI por um dia, quando recebeu o diagn\u00f3stico da fratura no dedo esquerdo e da perfura\u00e7\u00e3o no pulm\u00e3o. Ele chegou a publicar registros do momento desesperador em suas redes sociais, e chamou aten\u00e7\u00e3o dos f\u00e3s.<\/p>\n<p> FIQUE POR DENTRO DAS \u00daLTIMAS NOT\u00cdCIAS ACOMPANHANDO O INSTAGRAM DA CARAS BRASIL: <\/p>\n<blockquote class=\"instagram-media\" style=\"background: #FFF; border: 0; border-radius: 3px; box-shadow: 0 0 1px 0 rgba(0,0,0,0.5),0 1px 10px 0 rgba(0,0,0,0.15); margin: 1px; max-width: 540px; min-width: 326px; padding: 0; width: calc(100% - 2px);\" data-instgrm-captioned=\"\" data-instgrm-permalink=\"https:\/\/www.instagram.com\/p\/DSWUOLVjKar\/?utm_source=ig_embed&amp;utm_campaign=loading\" data-instgrm-version=\"14\"><\/blockquote>\n<p>\t                                            <script async src=\"\/\/www.instagram.com\/embed.js\"><\/script><\/p>\n","protected":false},"excerpt":{"rendered":"Nome constante na lista de celebridades cotadas para o\u00a0BBB 26, MC Livinho (31) j\u00e1 colheu diversos frutos de&hellip;\n","protected":false},"author":2,"featured_media":192725,"comment_status":"","ping_status":"","sticky":false,"template":"","format":"standard","meta":{"footnotes":""},"categories":[145],"tags":[2565,15986,211,210,114,115,7291,32,33],"class_list":{"0":"post-192724","1":"post","2":"type-post","3":"status-publish","4":"format-standard","5":"has-post-thumbnail","7":"category-celebridades","8":"tag-bbb","9":"tag-bbb-26","10":"tag-celebridades","11":"tag-celebrities","12":"tag-entertainment","13":"tag-entretenimento","14":"tag-mc-livinho","15":"tag-portugal","16":"tag-pt"},"share_on_mastodon":{"url":"https:\/\/pubeurope.com\/@pt\/115737793883241070","error":""},"_links":{"self":[{"href":"https:\/\/www.europesays.com\/pt\/wp-json\/wp\/v2\/posts\/192724","targetHints":{"allow":["GET"]}}],"collection":[{"href":"https:\/\/www.europesays.com\/pt\/wp-json\/wp\/v2\/posts"}],"about":[{"href":"https:\/\/www.europesays.com\/pt\/wp-json\/wp\/v2\/types\/post"}],"author":[{"embeddable":true,"href":"https:\/\/www.europesays.com\/pt\/wp-json\/wp\/v2\/users\/2"}],"replies":[{"embeddable":true,"href":"https:\/\/www.europesays.com\/pt\/wp-json\/wp\/v2\/comments?post=192724"}],"version-history":[{"count":0,"href":"https:\/\/www.europesays.com\/pt\/wp-json\/wp\/v2\/posts\/192724\/revisions"}],"wp:featuredmedia":[{"embeddable":true,"href":"https:\/\/www.europesays.com\/pt\/wp-json\/wp\/v2\/media\/192725"}],"wp:attachment":[{"href":"https:\/\/www.europesays.com\/pt\/wp-json\/wp\/v2\/media?parent=192724"}],"wp:term":[{"taxonomy":"category","embeddable":true,"href":"https:\/\/www.europesays.com\/pt\/wp-json\/wp\/v2\/categories?post=192724"},{"taxonomy":"post_tag","embeddable":true,"href":"https:\/\/www.europesays.com\/pt\/wp-json\/wp\/v2\/tags?post=192724"}],"curies":[{"name":"wp","href":"https:\/\/api.w.org\/{rel}","templated":true}]}}