{"id":192734,"date":"2025-12-18T00:50:33","date_gmt":"2025-12-18T00:50:33","guid":{"rendered":"https:\/\/www.europesays.com\/pt\/192734\/"},"modified":"2025-12-18T00:50:33","modified_gmt":"2025-12-18T00:50:33","slug":"google-implementa-globalmente-o-gemini-3-flash-na-pesquisa-com-modo-ia","status":"publish","type":"post","link":"https:\/\/www.europesays.com\/pt\/192734\/","title":{"rendered":"Google implementa globalmente o Gemini 3 Flash na Pesquisa com Modo IA"},"content":{"rendered":"<p>O Google anunciou a implementa\u00e7\u00e3o global do Gemini 3 Flash na Pesquisa no Modo IA, levando a intelig\u00eancia artificial de alta velocidade e racioc\u00ednio avan\u00e7ado a todos os utilizadores em todo o mundo. A atualiza\u00e7\u00e3o tamb\u00e9m expande nos EUA o acesso aos modelos Gemini 3 Pro e Nano Banana Pro, voltados para a cria\u00e7\u00e3o de conte\u00fados e visualiza\u00e7\u00f5es complexas.<\/p>\n<p>O Gemini 3 Flash combina a capacidade de racioc\u00ednio profundo do modelo Gemini 3 com a velocidade esperada da Pesquisa Google. Segundo Robby Stein, VP de Produto da Pesquisa, o modelo permite responder a perguntas complexas de forma mais precisa, estruturada e r\u00e1pida, mantendo acesso a informa\u00e7\u00e3o em tempo real e links \u00fateis da Web.<\/p>\n<p>\u00abCom o Gemini 3 Flash, o Modo IA torna-se uma ferramenta ainda mais poderosa, compreendendo melhor as necessidades do utilizador e fornecendo respostas ponderadas, mesmo para quest\u00f5es complexas\u00bb, afirma Stein.<\/p>\n<p>Nos EUA, os utilizadores t\u00eam agora acesso ao Gemini 3 Pro, que oferece ferramentas avan\u00e7adas de cria\u00e7\u00e3o, incluindo esquemas visuais, simula\u00e7\u00f5es interativas e recursos multimodais gerados em tempo real. O Nano Banana Pro, especializado em gera\u00e7\u00e3o e edi\u00e7\u00e3o de imagens, tamb\u00e9m est\u00e1 mais acess\u00edvel, permitindo criar infografias, desenhos t\u00e9cnicos ou representa\u00e7\u00f5es cient\u00edficas detalhadas diretamente na Pesquisa.<\/p>\n<p>A integra\u00e7\u00e3o dos modelos Pro no Modo IA oferece limites de utiliza\u00e7\u00e3o mais elevados para assinantes do Google AI Pro e Ultra, tornando a experi\u00eancia de pesquisa mais interativa e criativa. Entre as aplica\u00e7\u00f5es demonstradas est\u00e3o infografias cient\u00edficas, explica\u00e7\u00f5es t\u00e9cnicas de produtos e desenhos isom\u00e9tricos complexos, mostrando o potencial da IA para transformar a forma como utilizadores exploram e visualizam informa\u00e7\u00e3o.<\/p>\n<p>C<\/p>\n","protected":false},"excerpt":{"rendered":"O Google anunciou a implementa\u00e7\u00e3o global do Gemini 3 Flash na Pesquisa no Modo IA, levando a intelig\u00eancia&hellip;\n","protected":false},"author":2,"featured_media":155918,"comment_status":"","ping_status":"","sticky":false,"template":"","format":"standard","meta":{"footnotes":""},"categories":[84],"tags":[109,107,108,32,33,105,103,104,106,110],"class_list":{"0":"post-192734","1":"post","2":"type-post","3":"status-publish","4":"format-standard","5":"has-post-thumbnail","7":"category-ciencia-e-tecnologia","8":"tag-ciencia","9":"tag-ciencia-e-tecnologia","10":"tag-cienciaetecnologia","11":"tag-portugal","12":"tag-pt","13":"tag-science","14":"tag-science-and-technology","15":"tag-scienceandtechnology","16":"tag-technology","17":"tag-tecnologia"},"share_on_mastodon":{"url":"https:\/\/pubeurope.com\/@pt\/115737829531209150","error":""},"_links":{"self":[{"href":"https:\/\/www.europesays.com\/pt\/wp-json\/wp\/v2\/posts\/192734","targetHints":{"allow":["GET"]}}],"collection":[{"href":"https:\/\/www.europesays.com\/pt\/wp-json\/wp\/v2\/posts"}],"about":[{"href":"https:\/\/www.europesays.com\/pt\/wp-json\/wp\/v2\/types\/post"}],"author":[{"embeddable":true,"href":"https:\/\/www.europesays.com\/pt\/wp-json\/wp\/v2\/users\/2"}],"replies":[{"embeddable":true,"href":"https:\/\/www.europesays.com\/pt\/wp-json\/wp\/v2\/comments?post=192734"}],"version-history":[{"count":0,"href":"https:\/\/www.europesays.com\/pt\/wp-json\/wp\/v2\/posts\/192734\/revisions"}],"wp:featuredmedia":[{"embeddable":true,"href":"https:\/\/www.europesays.com\/pt\/wp-json\/wp\/v2\/media\/155918"}],"wp:attachment":[{"href":"https:\/\/www.europesays.com\/pt\/wp-json\/wp\/v2\/media?parent=192734"}],"wp:term":[{"taxonomy":"category","embeddable":true,"href":"https:\/\/www.europesays.com\/pt\/wp-json\/wp\/v2\/categories?post=192734"},{"taxonomy":"post_tag","embeddable":true,"href":"https:\/\/www.europesays.com\/pt\/wp-json\/wp\/v2\/tags?post=192734"}],"curies":[{"name":"wp","href":"https:\/\/api.w.org\/{rel}","templated":true}]}}