{"id":19275,"date":"2025-08-07T04:13:14","date_gmt":"2025-08-07T04:13:14","guid":{"rendered":"https:\/\/www.europesays.com\/pt\/19275\/"},"modified":"2025-08-07T04:13:14","modified_gmt":"2025-08-07T04:13:14","slug":"bruna-biancardi-mostra-o-bolo-de-mesversario-da-filha-cacula-mel","status":"publish","type":"post","link":"https:\/\/www.europesays.com\/pt\/19275\/","title":{"rendered":"Bruna Biancardi mostra o bolo de mesvers\u00e1rio da filha ca\u00e7ula, Mel"},"content":{"rendered":"<p>Bruna Biancardi e Neymar Jr realizam uma festa simples em casa para a celebra\u00e7\u00e3o do primeiro m\u00eas de vida da filha ca\u00e7ula, Mel<\/p>\n<p>A influenciadora digital <a href=\"https:\/\/caras.com.br\/tags\/bruna-biancardi\" rel=\"noopener nofollow\" target=\"_blank\"><strong>Bruna Biancardi<\/strong><\/a> e o jogador de futebol <strong>Neymar Jr<\/strong> celebraram o primeiro m\u00eas de vida da filha ca\u00e7ula, <strong>Mel<\/strong>, nesta quarta-feira, 6. A festa simples aconteceu na casa da fam\u00edlia e teve um bolo tem\u00e1tico.<\/p>\n<p>O doce foi decorado com o tema de colm\u00e9ia e abelhas para combinar com o nome da beb\u00ea. Nas redes sociais, Bruna mostrou a hora do Parab\u00e9ns em fam\u00edlia, incluindo as presen\u00e7as de <strong>Mavie<\/strong> e <strong>Davi Lucca<\/strong>.<\/p>\n<p><img decoding=\"async\" alt=\"Neymar Jr e fam\u00edlia no mesvers\u00e1rio de Mel\" height=\"1390\" loading=\"lazy\" src=\"https:\/\/www.europesays.com\/pt\/wp-content\/uploads\/2025\/08\/mesversario-de-mel-1.jpg\" width=\"778\"\/><\/p>\n<p><img decoding=\"async\" alt=\"Neymar Jr e fam\u00edlia no mesvers\u00e1rio de Mel\" height=\"1368\" loading=\"lazy\" src=\"https:\/\/www.europesays.com\/pt\/wp-content\/uploads\/2025\/08\/mesversario-de-mel.jpg\" width=\"778\"\/><\/p>\n<p>Mel rouba a cena em novas fotos<\/p>\n<p>A influenciadora digital <a href=\"https:\/\/caras.com.br\/tags\/bruna-biancardi\" rel=\"noopener nofollow\" target=\"_blank\"><strong>Bruna Biancardi<\/strong><\/a> abriu um \u00e1lbum de fotos de sua fam\u00edlia nas redes sociais neste domingo, 3. Ela exibiu momentos especiais ao lado das duas filhas, <strong>Mavie<\/strong>, de 1 ano, e <strong>Mel<\/strong>, de 1 m\u00eas, frutos do casamento com <a href=\"https:\/\/caras.com.br\/tags\/neymar-jr\" rel=\"noopener nofollow\" target=\"_blank\"><strong>Neymar Jr<\/strong><\/a>.<\/p>\n<p>Em uma das fotos, a ca\u00e7ula, Mel, apareceu com os olhos abertos em um registro in\u00e9dito acordada. Ela surgiu no colo da m\u00e3e em um registro que tamb\u00e9m contou com a presen\u00e7a de Mavie.<\/p>\n<p>Nas outras fotos, as irm\u00e3s apareceram juntinhas, os pais posaram com a ca\u00e7ula no ensaio newborn e tamb\u00e9m na maternidade, e Mavie surgiu brincando em momentos especiais com os pais.<\/p>\n<p>\u201c\u00daltimos dias\u201d, disse ela na legenda do \u00e1lbum.<\/p>\n<p><strong>Confira as fotos mais fofas das crian\u00e7as abaixo:<\/strong><\/p>\n<p><img decoding=\"async\" alt=\"Bruna Biancardi mostra fotos in\u00e9ditas de sua fam\u00edlia - Foto: Reprodu\u00e7\u00e3o \/ Instagram\" height=\"435\" loading=\"lazy\" src=\"https:\/\/www.europesays.com\/pt\/wp-content\/uploads\/2025\/08\/mel-filha-neymar-e-bruna-biancardi.jpg\" width=\"773\"\/><strong>Bruna Biancardi mostra fotos in\u00e9ditas de sua fam\u00edlia &#8211; Foto: Reprodu\u00e7\u00e3o \/ Instagram<\/strong><img decoding=\"async\" alt=\"Bruna Biancardi mostra fotos in\u00e9ditas de sua fam\u00edlia - Foto: Reprodu\u00e7\u00e3o \/ Instagram\" height=\"1030\" loading=\"lazy\" src=\"https:\/\/www.europesays.com\/pt\/wp-content\/uploads\/2025\/08\/bruna-biancardi-fotos-das-filhas-2.jpg\" width=\"773\"\/>Bruna Biancardi mostra fotos in\u00e9ditas de sua fam\u00edlia &#8211; Foto: Reprodu\u00e7\u00e3o \/ Instagram<img decoding=\"async\" alt=\"Bruna Biancardi mostra fotos in\u00e9ditas de sua fam\u00edlia - Foto: Reprodu\u00e7\u00e3o \/ Instagram\" height=\"1031\" loading=\"lazy\" src=\"https:\/\/www.europesays.com\/pt\/wp-content\/uploads\/2025\/08\/bruna-biancardi-fotos-das-filhas-4.jpg\" width=\"773\"\/>Bruna Biancardi mostra fotos in\u00e9ditas de sua fam\u00edlia &#8211; Foto: Reprodu\u00e7\u00e3o \/ Instagram<img decoding=\"async\" alt=\"Bruna Biancardi mostra fotos in\u00e9ditas de sua fam\u00edlia - Foto: Reprodu\u00e7\u00e3o \/ Instagram\" height=\"1031\" loading=\"lazy\" src=\"https:\/\/www.europesays.com\/pt\/wp-content\/uploads\/2025\/08\/bruna-biancardi-fotos-das-filhas-7.jpg\" width=\"773\"\/>Bruna Biancardi mostra fotos in\u00e9ditas de sua fam\u00edlia &#8211; Foto: Reprodu\u00e7\u00e3o \/ Instagram<img decoding=\"async\" alt=\"Bruna Biancardi mostra fotos in\u00e9ditas de sua fam\u00edlia - Foto: Reprodu\u00e7\u00e3o \/ Instagram\" height=\"1031\" loading=\"lazy\" src=\"https:\/\/www.europesays.com\/pt\/wp-content\/uploads\/2025\/08\/bruna-biancardi-fotos-das-filhas-6.jpg\" width=\"773\"\/>Bruna Biancardi mostra fotos in\u00e9ditas de sua fam\u00edlia &#8211; Foto: Reprodu\u00e7\u00e3o \/ Instagram<img decoding=\"async\" alt=\"Bruna Biancardi mostra fotos in\u00e9ditas de sua fam\u00edlia - Foto: Reprodu\u00e7\u00e3o \/ Instagram\" height=\"1031\" loading=\"lazy\" src=\"https:\/\/www.europesays.com\/pt\/wp-content\/uploads\/2025\/08\/bruna-biancardi-fotos-das-filhas-10.jpg\" width=\"773\"\/>Bruna Biancardi mostra fotos in\u00e9ditas de sua fam\u00edlia &#8211; Foto: Reprodu\u00e7\u00e3o \/ InstagramBruna Biancardi registra momento carinhoso entre as filhas<\/p>\n<p>Recentemente, a influenciadora digital Bruna Biancardi encantou seus seguidores das redes sociais ao compartilhar um novo registro de suas filhas,\u00a0 Mavie, de quase 2 anos, e Mel, que chegou ao mundo no dia 5 de junho.\u00a0<\/p>\n<p>Na publica\u00e7\u00e3o, Bruna compartilhou uma montagem com quatro fotos que registram momentos de intera\u00e7\u00e3o entre as pequenas. Em uma das imagens, Mavie olha com carinho para a irm\u00e3. Em outro clique, aparece brincando com potes de materiais coloridos e, em seguida, surge com os pezinhos descal\u00e7os sobre uma bandeja cheia desses gr\u00e3os.<\/p>\n<p>Por fim, no canto inferior direito, a menina toca delicadamente a testa de Mel, que est\u00e1 deitada. &#8220;Amor&#8221;, descreveu ela na legenda; <a href=\"https:\/\/caras.com.br\/bebe\/bruna-biancardi-registra-momento-carinhoso-entre-filhas-mavie-e-mel.phtml\" rel=\"noopener nofollow\" target=\"_blank\">confira os registros das beb\u00eas!<\/a><\/p>\n<p><strong>Leia tamb\u00e9m<\/strong>: <a href=\"https:\/\/caras.com.br\/bebe\/bruna-biancardi-exibe-foto-inedita-da-filha-cacula-de-olhos-abertos.phtml\" rel=\"noopener nofollow\" target=\"_blank\">Bruna Biancardi exibe foto in\u00e9dita da filha ca\u00e7ula de olhos abertos<\/a><\/p>\n<p>A birra de Mavie<\/p>\n<p>A influenciadora digital <a href=\"https:\/\/caras.com.br\/tags\/bruna-biancardi\" rel=\"noopener nofollow\" target=\"_blank\"><strong>Bruna Biancardi<\/strong><\/a> revelou detalhes de sua vida como m\u00e3e de duas meninas ao conversar com os f\u00e3s na manh\u00e3 deste s\u00e1bado, 26, pelas redes sociais. Ela contou que a filha mais velha, <a href=\"https:\/\/caras.com.br\/tags\/mavie\" rel=\"noopener nofollow\" target=\"_blank\"><strong>Mavie<\/strong><\/a>, de 1 ano, passou por uma mudan\u00e7a em seu comportamento ap\u00f3s o nascimento da irm\u00e3 ca\u00e7ula, <a href=\"https:\/\/caras.com.br\/tags\/mel\" rel=\"noopener nofollow\" target=\"_blank\"><strong>Mel<\/strong><\/a>, de quase 1 m\u00eas.<\/p>\n<p>Bruna relatou que Mavie teve epis\u00f3dios de birra e ficou mais apegada com a m\u00e3e, mas elas est\u00e3o superando essa fase juntas. \u201cTem sido maravilhoso. A Mavie \u00e9 muito carinhosa com a irm\u00e3, mas o desafio existe mesmo\u2026 Ela tem tido uns epis\u00f3dios de birra e est\u00e1 bem mais grudada em mim e a m\u00e3e se culpa o tempo todo, n\u00e9?\u201d, afirmou ela.<\/p>\n<p>E completou: \u201cQuando dou aten\u00e7\u00e3o para uma, me sinto mal que n\u00e3o estou com a outra e vice-versa. Nesse come\u00e7o, tenho priorizado ficar bastante com a Mavie, ir nos lugares com ela, brincar, incluir ela quando vou fazer algo com a Mel e etc. Porque ela entende e sente a mudan\u00e7a\u201d.<\/p>\n<p><strong>Leia tamb\u00e9m<\/strong>: <a href=\"https:\/\/caras.com.br\/atualidades\/neymar-jr-e-bruna-biancardi-curtem-vale-night-apos-nascimento-da-filha-cacula.phtml\" rel=\"noopener nofollow\" target=\"_blank\">Neymar Jr e Bruna Biancardi curtem &#8216;vale night&#8217; ap\u00f3s nascimento da filha ca\u00e7ula<\/a><\/p>\n","protected":false},"excerpt":{"rendered":"Bruna Biancardi e Neymar Jr realizam uma festa simples em casa para a celebra\u00e7\u00e3o do primeiro m\u00eas de&hellip;\n","protected":false},"author":2,"featured_media":19276,"comment_status":"","ping_status":"","sticky":false,"template":"","format":"standard","meta":{"footnotes":""},"categories":[145],"tags":[4290,211,210,114,115,6831,1995,7145,32,33],"class_list":{"0":"post-19275","1":"post","2":"type-post","3":"status-publish","4":"format-standard","5":"has-post-thumbnail","7":"category-celebridades","8":"tag-bruna-biancardi","9":"tag-celebridades","10":"tag-celebrities","11":"tag-entertainment","12":"tag-entretenimento","13":"tag-festa","14":"tag-mel","15":"tag-mesversario","16":"tag-portugal","17":"tag-pt"},"share_on_mastodon":{"url":"","error":""},"_links":{"self":[{"href":"https:\/\/www.europesays.com\/pt\/wp-json\/wp\/v2\/posts\/19275","targetHints":{"allow":["GET"]}}],"collection":[{"href":"https:\/\/www.europesays.com\/pt\/wp-json\/wp\/v2\/posts"}],"about":[{"href":"https:\/\/www.europesays.com\/pt\/wp-json\/wp\/v2\/types\/post"}],"author":[{"embeddable":true,"href":"https:\/\/www.europesays.com\/pt\/wp-json\/wp\/v2\/users\/2"}],"replies":[{"embeddable":true,"href":"https:\/\/www.europesays.com\/pt\/wp-json\/wp\/v2\/comments?post=19275"}],"version-history":[{"count":0,"href":"https:\/\/www.europesays.com\/pt\/wp-json\/wp\/v2\/posts\/19275\/revisions"}],"wp:featuredmedia":[{"embeddable":true,"href":"https:\/\/www.europesays.com\/pt\/wp-json\/wp\/v2\/media\/19276"}],"wp:attachment":[{"href":"https:\/\/www.europesays.com\/pt\/wp-json\/wp\/v2\/media?parent=19275"}],"wp:term":[{"taxonomy":"category","embeddable":true,"href":"https:\/\/www.europesays.com\/pt\/wp-json\/wp\/v2\/categories?post=19275"},{"taxonomy":"post_tag","embeddable":true,"href":"https:\/\/www.europesays.com\/pt\/wp-json\/wp\/v2\/tags?post=19275"}],"curies":[{"name":"wp","href":"https:\/\/api.w.org\/{rel}","templated":true}]}}