{"id":192754,"date":"2025-12-18T01:10:11","date_gmt":"2025-12-18T01:10:11","guid":{"rendered":"https:\/\/www.europesays.com\/pt\/192754\/"},"modified":"2025-12-18T01:10:11","modified_gmt":"2025-12-18T01:10:11","slug":"aos-47-anos-alda-gomes-e-mae-pela-primeira-vez-veja-a-imagem-da-bebe","status":"publish","type":"post","link":"https:\/\/www.europesays.com\/pt\/192754\/","title":{"rendered":"Aos 47 anos, Alda Gomes \u00e9 m\u00e3e pela primeira vez: veja a imagem da beb\u00e9!"},"content":{"rendered":"<p>A primeira filha de Alda Gomes nasceu no passado dia 10, mas a not\u00edcia s\u00f3 foi tornada p\u00fablica pela atriz, esta quarta-feira, dia 17, precisamente uma semana depois do parto.<\/p>\n<p>Por interm\u00e9dio do Instagram, <a href=\"https:\/\/selfie.iol.pt\/famosos\/alda-gomes\/gravida-aos-46-anos-alda-gomes-confessa-foi-muito-solitario\/20250820\/68a5d1ecd34e3f0baea1d127\" target=\"_blank\" rel=\"nofollow noopener\">Alda Gomes<\/a> dividiu com os seguidores uma primeira fotografia da beb\u00e9, revelando o nome da mesma: Clara. &#8220;A luzinha que veio iluminar as nossas vidas!&#8221;, acrescentou, na legenda da imagem.<\/p>\n<p>Aquando do an\u00fancio da gravidez, a atriz revelou que\u00a0o sonho de ser m\u00e3e iria realizar-se ap\u00f3s um per\u00edodo de tentativas. &#8220;A todas as mulheres guerreiras que tentam engravidar e ainda n\u00e3o conseguiram: sei como \u00e9 frustrante, doloroso e, tantas vezes, solit\u00e1rio. Eu j\u00e1 estive a\u00ed. Mas, por favor, n\u00e3o se esque\u00e7am: voc\u00eas n\u00e3o est\u00e3o sozinhas. N\u00e3o desistam &#8211; e, principalmente, n\u00e3o desistam de voc\u00eas mesmas. Estamos juntas, de m\u00e3os dadas. Sempre&#8221;, aconselhou, na altura.<\/p>\n<p>Entretanto, mais concretamente a 10 de novembro, <a href=\"https:\/\/selfie.iol.pt\/famosos\/alda-gomes\/esta-gravida-aos-46-anos-alda-gomes-revela-que-vai-ser-mae-pela-primeira-vez\/20250811\/689a1aaad34e3f0baea184ec\" target=\"_blank\" rel=\"nofollow noopener\">Alda Gomes<\/a> completou 47 anos.<\/p>\n<p>Clara \u00e9 fruto da rela\u00e7\u00e3o que a artista mant\u00e9m com\u00a0Vasco Teodoro.<\/p>\n<p style=\"text-align:center\"><img loading=\"lazy\" decoding=\"async\" alt=\"\" height=\"667\" src=\"https:\/\/www.europesays.com\/pt\/wp-content\/uploads\/2025\/12\/694319b8d34e2bd5c6d53b38.webp\" width=\"500\"\/><\/p>\n<p>\u00a0<\/p>\n","protected":false},"excerpt":{"rendered":"A primeira filha de Alda Gomes nasceu no passado dia 10, mas a not\u00edcia s\u00f3 foi tornada p\u00fablica&hellip;\n","protected":false},"author":2,"featured_media":192755,"comment_status":"","ping_status":"","sticky":false,"template":"","format":"standard","meta":{"footnotes":""},"categories":[145],"tags":[11709,813,2557,211,210,7882,114,115,980,1127,619,11439,4897,11443,161,32,33,1012,162,38714],"class_list":{"0":"post-192754","1":"post","2":"type-post","3":"status-publish","4":"format-standard","5":"has-post-thumbnail","7":"category-celebridades","8":"tag-alda-gomes","9":"tag-atriz","10":"tag-bebe","11":"tag-celebridades","12":"tag-celebrities","13":"tag-clara","14":"tag-entertainment","15":"tag-entretenimento","16":"tag-famosos","17":"tag-filha","18":"tag-nacional","19":"tag-nasceu","20":"tag-nascimento","21":"tag-nascimentos-2025","22":"tag-novelas","23":"tag-portugal","24":"tag-pt","25":"tag-selfie","26":"tag-tvi","27":"tag-vasco-teodoro"},"share_on_mastodon":{"url":"https:\/\/pubeurope.com\/@pt\/115737908218263359","error":""},"_links":{"self":[{"href":"https:\/\/www.europesays.com\/pt\/wp-json\/wp\/v2\/posts\/192754","targetHints":{"allow":["GET"]}}],"collection":[{"href":"https:\/\/www.europesays.com\/pt\/wp-json\/wp\/v2\/posts"}],"about":[{"href":"https:\/\/www.europesays.com\/pt\/wp-json\/wp\/v2\/types\/post"}],"author":[{"embeddable":true,"href":"https:\/\/www.europesays.com\/pt\/wp-json\/wp\/v2\/users\/2"}],"replies":[{"embeddable":true,"href":"https:\/\/www.europesays.com\/pt\/wp-json\/wp\/v2\/comments?post=192754"}],"version-history":[{"count":0,"href":"https:\/\/www.europesays.com\/pt\/wp-json\/wp\/v2\/posts\/192754\/revisions"}],"wp:featuredmedia":[{"embeddable":true,"href":"https:\/\/www.europesays.com\/pt\/wp-json\/wp\/v2\/media\/192755"}],"wp:attachment":[{"href":"https:\/\/www.europesays.com\/pt\/wp-json\/wp\/v2\/media?parent=192754"}],"wp:term":[{"taxonomy":"category","embeddable":true,"href":"https:\/\/www.europesays.com\/pt\/wp-json\/wp\/v2\/categories?post=192754"},{"taxonomy":"post_tag","embeddable":true,"href":"https:\/\/www.europesays.com\/pt\/wp-json\/wp\/v2\/tags?post=192754"}],"curies":[{"name":"wp","href":"https:\/\/api.w.org\/{rel}","templated":true}]}}