{"id":192756,"date":"2025-12-18T01:13:11","date_gmt":"2025-12-18T01:13:11","guid":{"rendered":"https:\/\/www.europesays.com\/pt\/192756\/"},"modified":"2025-12-18T01:13:11","modified_gmt":"2025-12-18T01:13:11","slug":"leandro-condena-liliana-e-acusa-a-de-prejudicar-fabio-se-fosse-ela-a-sobressair-estava-tudo-bem-secret-story","status":"publish","type":"post","link":"https:\/\/www.europesays.com\/pt\/192756\/","title":{"rendered":"Leandro condena Liliana e acusa-a de prejudicar F\u00e1bio: \u00abSe fosse ela a sobressair, estava tudo bem\u00bb &#8211; Secret Story"},"content":{"rendered":"<p>No Secret Story 9, F\u00e1bio e Liliana tiveram um dia marcado por discuss\u00f5es. No Especial, os concorrentes foram confrontados com as imagens e os colegas do casal n\u00e3o esconderam o espanto ao ver Liliana a acusar F\u00e1bio de a ter empurrado. Veja tudo.\u00a0<\/p>\n<p>J\u00e1 pode votar para salvar o seu concorrente favorito. Vote atrav\u00e9s da App TVI Reality ou das linhas telef\u00f3nicas.<\/p>\n<p>VOTA\u00c7\u00c3O PARA SALVAR:<\/p>\n<p>F\u00c1BIO \u2013 761 20 20 08<\/p>\n<p>IN\u00caS \u2013 761 20 20 10<\/p>\n<p>PEDRO \u2013 761 20 20 18<\/p>\n<p><a href=\"https:\/\/tvi.iol.pt\/secretstory\/aominuto\" rel=\"nofollow noopener\" target=\"_blank\">Acompanhe ao minuto, tudo o que se passa dentro da casa mais vigiada do Pa\u00eds.<\/a><\/p>\n","protected":false},"excerpt":{"rendered":"No Secret Story 9, F\u00e1bio e Liliana tiveram um dia marcado por discuss\u00f5es. No Especial, os concorrentes foram&hellip;\n","protected":false},"author":2,"featured_media":192757,"comment_status":"","ping_status":"","sticky":false,"template":"","format":"standard","meta":{"footnotes":""},"categories":[142],"tags":[114,115,19033,12397,19034,32,33,151,19032],"class_list":{"0":"post-192756","1":"post","2":"type-post","3":"status-publish","4":"format-standard","5":"has-post-thumbnail","7":"category-tv","8":"tag-entertainment","9":"tag-entretenimento","10":"tag-galas-em-video","11":"tag-leandro","12":"tag-melhores-momentos-casa-dos-segredos","13":"tag-portugal","14":"tag-pt","15":"tag-tv","16":"tag-videos-secret-story-tvi"},"share_on_mastodon":{"url":"https:\/\/pubeurope.com\/@pt\/115737919688584400","error":""},"_links":{"self":[{"href":"https:\/\/www.europesays.com\/pt\/wp-json\/wp\/v2\/posts\/192756","targetHints":{"allow":["GET"]}}],"collection":[{"href":"https:\/\/www.europesays.com\/pt\/wp-json\/wp\/v2\/posts"}],"about":[{"href":"https:\/\/www.europesays.com\/pt\/wp-json\/wp\/v2\/types\/post"}],"author":[{"embeddable":true,"href":"https:\/\/www.europesays.com\/pt\/wp-json\/wp\/v2\/users\/2"}],"replies":[{"embeddable":true,"href":"https:\/\/www.europesays.com\/pt\/wp-json\/wp\/v2\/comments?post=192756"}],"version-history":[{"count":0,"href":"https:\/\/www.europesays.com\/pt\/wp-json\/wp\/v2\/posts\/192756\/revisions"}],"wp:featuredmedia":[{"embeddable":true,"href":"https:\/\/www.europesays.com\/pt\/wp-json\/wp\/v2\/media\/192757"}],"wp:attachment":[{"href":"https:\/\/www.europesays.com\/pt\/wp-json\/wp\/v2\/media?parent=192756"}],"wp:term":[{"taxonomy":"category","embeddable":true,"href":"https:\/\/www.europesays.com\/pt\/wp-json\/wp\/v2\/categories?post=192756"},{"taxonomy":"post_tag","embeddable":true,"href":"https:\/\/www.europesays.com\/pt\/wp-json\/wp\/v2\/tags?post=192756"}],"curies":[{"name":"wp","href":"https:\/\/api.w.org\/{rel}","templated":true}]}}