{"id":192766,"date":"2025-12-18T01:21:18","date_gmt":"2025-12-18T01:21:18","guid":{"rendered":"https:\/\/www.europesays.com\/pt\/192766\/"},"modified":"2025-12-18T01:21:18","modified_gmt":"2025-12-18T01:21:18","slug":"boas-noticias-regressou-ao-lidl-o-aparelho-que-ajuda-a-controlar-a-humidade","status":"publish","type":"post","link":"https:\/\/www.europesays.com\/pt\/192766\/","title":{"rendered":"Boas not\u00edcias: regressou ao Lidl o aparelho que ajuda a controlar a humidade"},"content":{"rendered":"<p>Nesta altura do ano, com as temperaturas a oscilar e os dias mais h\u00famidos, a qualidade do ar dentro de casa vacila. A humidade excessiva \u00e9 um problema comum em muitas habita\u00e7\u00f5es portuguesas e o pior, para al\u00e9m do desconforto t\u00e9rmico, \u00e9 que os n\u00edveis elevados de humidade podem favorecer o aparecimento de bolor, agravar alergias e at\u00e9 contribuir para o aumento de constipa\u00e7\u00f5es e <a href=\"https:\/\/versa.iol.pt\/gripe\/vacina\/se-ja-tive-gripe-este-ano-devo-vacinar-me\/20251212\/693c3b22d34e2bd5c6d509b7\" rel=\"nofollow noopener\" target=\"_blank\">estados gripais<\/a>.<\/p>\n<p>Felizmente, regressa \u00e0s lojas Lidl o sensor de temperatura e humidade da marca Livarno, que depois de j\u00e1 ter estado \u00e0 <a href=\"https:\/\/versa.iol.pt\/necessaire\/lidl\/este-sensor-de-humidade-avisa-te-quando-podes-ter-gripe\/20230207\/63e0f1ea0cf2665294d44e0b\" rel=\"nofollow noopener\" target=\"_blank\">venda em fevereiro de 2023<\/a>, volta agora \u00e0s prateleiras com o mesmo objetivo: permitir uma leitura r\u00e1pida e clara das condi\u00e7\u00f5es dentro de casa.<\/p>\n<p>O sensor mede temperatura e humidade e apresenta um aviso \u00f3tico que indica quando o ambiente se encontra demasiado h\u00famido, com risco de bolor ou desconforto associado a estados gripais. Inclui ainda a indica\u00e7\u00e3o do \u00edndice de calor, ajudando a perceber como a combina\u00e7\u00e3o de temperatura e humidade influencia a sensa\u00e7\u00e3o t\u00e9rmica real.\u00a0<\/p>\n<p>Com um design simples e f\u00e1cil de interpretar, este sensor da Livarno \u00e9 pensado para quem procura uma solu\u00e7\u00e3o pr\u00e1tica, sem aplica\u00e7\u00f5es nem configura\u00e7\u00f5es complexas. Basta coloc\u00e1-lo na divis\u00e3o pretendida e acompanhar os indicadores visuais para saber quando \u00e9 <a href=\"https:\/\/versa.iol.pt\/casa\/humidade\/existe-uma-forma-de-controlares-a-humidade-em-casa-e-sem-gastar-dinheiro\/20250201\/679c8636d34e3f0bae99dd3d\" rel=\"nofollow noopener\" target=\"_blank\">altura de abrir janelas<\/a> ou <a href=\"https:\/\/versa.iol.pt\/casa\/humidade\/estes-sao-os-melhores-desumidificadores-para-casa-e-um-deles-ate-ajuda-a-secar-a-roupa\/20241025\/6716799ad34ea1acf26fb841\" rel=\"nofollow noopener\" target=\"_blank\">recorrer a um desumidificador<\/a>.<\/p>\n<p>O equipamento est\u00e1 \u00e0 venda por apenas \u20ac6,99, mantendo-se como uma op\u00e7\u00e3o econ\u00f3mica para melhorar o conforto e a sa\u00fade dentro de casa.\u00a0<\/p>\n","protected":false},"excerpt":{"rendered":"Nesta altura do ano, com as temperaturas a oscilar e os dias mais h\u00famidos, a qualidade do ar&hellip;\n","protected":false},"author":2,"featured_media":192767,"comment_status":"","ping_status":"","sticky":false,"template":"","format":"standard","meta":{"footnotes":""},"categories":[83],"tags":[1081,38716,88,204,89,90,754,31082,6513,186,1079,32,33,38715,1078,1080],"class_list":{"0":"post-192766","1":"post","2":"type-post","3":"status-publish","4":"format-standard","5":"has-post-thumbnail","7":"category-empresas","8":"tag-beleza","9":"tag-bolor","10":"tag-business","11":"tag-design","12":"tag-economy","13":"tag-empresas","14":"tag-gastronomia","15":"tag-humidade","16":"tag-lidl","17":"tag-lifestyle","18":"tag-moda","19":"tag-portugal","20":"tag-pt","21":"tag-sensor","22":"tag-versa","23":"tag-viagens"},"share_on_mastodon":{"url":"https:\/\/pubeurope.com\/@pt\/115737951127519392","error":""},"_links":{"self":[{"href":"https:\/\/www.europesays.com\/pt\/wp-json\/wp\/v2\/posts\/192766","targetHints":{"allow":["GET"]}}],"collection":[{"href":"https:\/\/www.europesays.com\/pt\/wp-json\/wp\/v2\/posts"}],"about":[{"href":"https:\/\/www.europesays.com\/pt\/wp-json\/wp\/v2\/types\/post"}],"author":[{"embeddable":true,"href":"https:\/\/www.europesays.com\/pt\/wp-json\/wp\/v2\/users\/2"}],"replies":[{"embeddable":true,"href":"https:\/\/www.europesays.com\/pt\/wp-json\/wp\/v2\/comments?post=192766"}],"version-history":[{"count":0,"href":"https:\/\/www.europesays.com\/pt\/wp-json\/wp\/v2\/posts\/192766\/revisions"}],"wp:featuredmedia":[{"embeddable":true,"href":"https:\/\/www.europesays.com\/pt\/wp-json\/wp\/v2\/media\/192767"}],"wp:attachment":[{"href":"https:\/\/www.europesays.com\/pt\/wp-json\/wp\/v2\/media?parent=192766"}],"wp:term":[{"taxonomy":"category","embeddable":true,"href":"https:\/\/www.europesays.com\/pt\/wp-json\/wp\/v2\/categories?post=192766"},{"taxonomy":"post_tag","embeddable":true,"href":"https:\/\/www.europesays.com\/pt\/wp-json\/wp\/v2\/tags?post=192766"}],"curies":[{"name":"wp","href":"https:\/\/api.w.org\/{rel}","templated":true}]}}