{"id":192768,"date":"2025-12-18T01:24:27","date_gmt":"2025-12-18T01:24:27","guid":{"rendered":"https:\/\/www.europesays.com\/pt\/192768\/"},"modified":"2025-12-18T01:24:27","modified_gmt":"2025-12-18T01:24:27","slug":"putin-chama-porquinhos-aos-lideres-europeus-na-vespera-de-reuniao-crucial-para-a-ue-diario-de-noticias","status":"publish","type":"post","link":"https:\/\/www.europesays.com\/pt\/192768\/","title":{"rendered":"Putin chama \u201cporquinhos\u201d aos l\u00edderes europeus na v\u00e9spera de reuni\u00e3o crucial para a UE &#8211; Di\u00e1rio de Not\u00edcias"},"content":{"rendered":"<ol>\n<li><a href=\"https:\/\/news.google.com\/rss\/articles\/CBMisgFBVV95cUxQMmNsTUlCcm04TnVibXVDa1MyYVVwWFRhN3RTMWNxbXlSZDllQkxCdFJFVl9YWlNrM2h2LTdfSkpVR0FSaF9NNVZwLTB4Z2lDeV9xREJoQmxSYkVIVDdTSDVVMm9GSGtPQ3dQXzNJOXpOaDFiTUV0S0NONGVlLVJyd3lzZkFMUHMxMWdUd19UcG1haGlFb1l5c2FHZDNuSlFzNjY0dHVmclVoXy15LXFiTk53?oc=5\" target=\"_blank\" rel=\"nofollow noopener\">Putin chama \u201cporquinhos\u201d aos l\u00edderes europeus na v\u00e9spera de reuni\u00e3o crucial para a UE<\/a>&nbsp;&nbsp;Di\u00e1rio de Not\u00edcias<\/li>\n<li><a href=\"https:\/\/news.google.com\/rss\/articles\/CBMi1gFBVV95cUxQVE1hQWJRWjMtVFlaNDZwbFgtNlphbzRoRGJCVWYwQTVzUF9ZNjE5QllqbDIxNW05eEJrZGFaaXZHUHRTeWpHV01xUjZqY0FRT3Exd0EyU2RzbTN0YzJhMGtyYncyeHFObl9lQWU0ZHVCVzlMS2VPU3JxQkhxTnNfdkVmV29zWEpLUy1rNWJ6UnRBaUl4VUlYa1c5ZTNRcGpBb3lEb2Z0TkFtclJrSklFbVJrbm1qWXlZRkNoeDBhYnVPV3lQM2dZN3dBUVRLZXVBeDBFOVVn?oc=5\" target=\"_blank\" rel=\"nofollow noopener\">Putin diz que R\u00fassia tomar\u00e1 territ\u00f3rios na Ucr\u00e2nia se negocia\u00e7\u00e3o por paz falhar<\/a>&nbsp;&nbsp;UOL Not\u00edcias<\/li>\n<li><a href=\"https:\/\/news.google.com\/rss\/articles\/CBMiwwFBVV95cUxQbUhqTW5SZDY4TnBveE5tRjFmYTdXczYxVlU3c053QncwTXRGQ2ZROUZ3MURuWXl0LVJrM0ZFZlNfMkQ3d2xwR1VJMEdLTGdUVHNpM2twYm9ZdFpYY01iZGpfX2dlSjFTYWdqMHlSRjVQdGJfQWc5WHVLYUFFN1NJaGcyODFSVVU3eV9pSV96eHd4YlY4NUhmUzlyaTdKWWlrTGpscnVDYzNMM3ppeU9hRUdDdDlDUk5mMkdPNUpZbFNzck3SAdIBQVVfeXFMTVAybC1JMXN1Zko2eGhKdll4VzVreW00eFA1ckZTUzVPc1BLUmdmTUhxdHJvMWdoSlRkQnlaSTN1eW1UVHdyUnFtcTF6UV9MdkNpRzY3TFlmcTJ5UWpYYjdFMURhUFplcXRUUXVQUU5iNGFlSHZwRjh6TG4tVmtlbUliZ2lXR0wzUWNNbkpFZXg3VVlsMGZrdkVabS1fajBtQWJXSGRpckx0aXJCMWh1a3lidWZ4Sk9NNEh0SVNscTRlVnlTUjdxZlJvSWZIS1pGWkJ3?oc=5\" target=\"_blank\" rel=\"nofollow noopener\">Putin nega inten\u00e7\u00e3o de guerra com a Europa e fala em &#8216;histeria&#8217;, mas alfineta: &#8216;Porquinhos europeus&#8217;<\/a>&nbsp;&nbsp;G1<\/li>\n<li><a href=\"https:\/\/news.google.com\/rss\/articles\/CBMisAFBVV95cUxONWhmWEJSV3JFYlpUSHkyQmtXOFhwTjY5Wk1LaTM1bzRPS0daNVVNTTMyVU9NVm9PeUtyNHdTdnppeFp6UG04eE5KUjIzWkU3VWNpbDNNV0ZpRjc3bllsaWdLZk5wNlU5WG1rajgyN3dpNTVYeU96MDFPM3E1RlY4V3NNRVhJck5sLS1QeW5aNHFtcVo4TGthaHNZNWd6b3BZbUI3WGwwMl84Uk1PaVVZcA?oc=5\" target=\"_blank\" rel=\"nofollow noopener\">Putin mant\u00e9m press\u00e3o sob Ucr\u00e2nia apesar de esfor\u00e7os de paz de Trump<\/a>&nbsp;&nbsp;CNN Brasil<\/li>\n<li><a href=\"https:\/\/news.google.com\/rss\/articles\/CBMi1gFBVV95cUxQS1dnNkJMUFllU2JTZjJQdUk4Y0YtNWZZSFFlM3lCSUljbzJCWm9lTDNRclFHTHBDQ1pSMHQ5UTlqV01BT2gydWpVOTFielpyN0tFOGlSWEFYRURQdEE5N0hRbTBFYWhEOXVPaktucTNYN19lTmJNMUVQTG5DcmVleFl0ODI0WjdjUlFTY3BaNzE1YnVVdldPTjkyMXEzSGlRUjItaFpNdGl3dFZjNzNuZ2RFSXJ5TUFfYzY1OEVfMzZqdDYwN1hMMzhMTTlfUzRaeWJxYnZB?oc=5\" target=\"_blank\" rel=\"nofollow noopener\">Tropa europeia na Ucr\u00e2nia equivaleria a declara\u00e7\u00e3o de guerra para a R\u00fassia, diz especialista<\/a>&nbsp;&nbsp;R7<\/li>\n<\/ol>\n","protected":false},"excerpt":{"rendered":"Putin chama \u201cporquinhos\u201d aos l\u00edderes europeus na v\u00e9spera de reuni\u00e3o crucial para a UE&nbsp;&nbsp;Di\u00e1rio de Not\u00edcias Putin diz&hellip;\n","protected":false},"author":2,"featured_media":192769,"comment_status":"","ping_status":"","sticky":false,"template":"","format":"standard","meta":{"footnotes":""},"categories":[8],"tags":[30110,27,28,7962,15,16,15297,14,25,26,21,22,12,13,19,20,32,23,24,33,17,18,29,30,31,2415],"class_list":{"0":"post-192768","1":"post","2":"type-post","3":"status-publish","4":"format-standard","5":"has-post-thumbnail","7":"category-principais-noticias","8":"tag-ativos-russos","9":"tag-breaking-news","10":"tag-breakingnews","11":"tag-conselho-europeu","12":"tag-featured-news","13":"tag-featurednews","14":"tag-guerra-na-ucania","15":"tag-headlines","16":"tag-latest-news","17":"tag-latestnews","18":"tag-main-news","19":"tag-mainnews","20":"tag-news","21":"tag-noticias","22":"tag-noticias-principais","23":"tag-noticiasprincipais","24":"tag-portugal","25":"tag-principais-noticias","26":"tag-principaisnoticias","27":"tag-pt","28":"tag-top-stories","29":"tag-topstories","30":"tag-ultimas","31":"tag-ultimas-noticias","32":"tag-ultimasnoticias","33":"tag-vladimir-putin"},"share_on_mastodon":{"url":"https:\/\/pubeurope.com\/@pt\/115737963011297181","error":""},"_links":{"self":[{"href":"https:\/\/www.europesays.com\/pt\/wp-json\/wp\/v2\/posts\/192768","targetHints":{"allow":["GET"]}}],"collection":[{"href":"https:\/\/www.europesays.com\/pt\/wp-json\/wp\/v2\/posts"}],"about":[{"href":"https:\/\/www.europesays.com\/pt\/wp-json\/wp\/v2\/types\/post"}],"author":[{"embeddable":true,"href":"https:\/\/www.europesays.com\/pt\/wp-json\/wp\/v2\/users\/2"}],"replies":[{"embeddable":true,"href":"https:\/\/www.europesays.com\/pt\/wp-json\/wp\/v2\/comments?post=192768"}],"version-history":[{"count":0,"href":"https:\/\/www.europesays.com\/pt\/wp-json\/wp\/v2\/posts\/192768\/revisions"}],"wp:featuredmedia":[{"embeddable":true,"href":"https:\/\/www.europesays.com\/pt\/wp-json\/wp\/v2\/media\/192769"}],"wp:attachment":[{"href":"https:\/\/www.europesays.com\/pt\/wp-json\/wp\/v2\/media?parent=192768"}],"wp:term":[{"taxonomy":"category","embeddable":true,"href":"https:\/\/www.europesays.com\/pt\/wp-json\/wp\/v2\/categories?post=192768"},{"taxonomy":"post_tag","embeddable":true,"href":"https:\/\/www.europesays.com\/pt\/wp-json\/wp\/v2\/tags?post=192768"}],"curies":[{"name":"wp","href":"https:\/\/api.w.org\/{rel}","templated":true}]}}