{"id":192774,"date":"2025-12-18T01:32:10","date_gmt":"2025-12-18T01:32:10","guid":{"rendered":"https:\/\/www.europesays.com\/pt\/192774\/"},"modified":"2025-12-18T01:32:10","modified_gmt":"2025-12-18T01:32:10","slug":"benfica-empata-com-paris-saint-germain-na-despedida-da-liga-dos-campeoes-feminina","status":"publish","type":"post","link":"https:\/\/www.europesays.com\/pt\/192774\/","title":{"rendered":"Benfica empata com Paris Saint-Germain na despedida da Liga dos Campe\u00f5es feminina"},"content":{"rendered":"<p>                Com as duas forma\u00e7\u00f5es eliminadas e sem poder alcan\u00e7ar o play-off de acesso aos \u2018quartos\u2019, o PSG chegou \u00e0 vantagem aos cinco minutos, por Onyi Echegini, mas o Benfica empatou por interm\u00e9dio de Carole Costa, aos 32, de grande penalidade.<\/p>\n<p>Terminada a fase de liga da Liga dos Campe\u00f5es, ao fim de seis rondas, o Benfica e o Paris Saint-Germain saem de cena sem qualquer triunfo e com dois pontos, no 16.\u00ba e 17.\u00ba lugares, respetivamente. Pior s\u00f3 o St. P\u00f6lten, com um.<\/p>\n<p>Num duelo quase para \u2018cumprir calend\u00e1rio\u2019, face \u00e0s elimina\u00e7\u00f5es j\u00e1 garantidas das duas equipas, o Est\u00e1dio da Luz apresentou-se muito \u2018despido\u2019, com apenas 2.819 espetadores, tamb\u00e9m pelo facto de a equipa masculina jogar \u00e0 mesma hora.<\/p>\n<p>Come\u00e7aram melhor as francesas, que chegaram ao tento inicial logo aos cinco minutos, por interm\u00e9dio de Onyi Echegini, ao recuperar a bola ainda numa zona alta e, de frente para a baliza, atirar para o fundo das redes de Lena Pauels.<\/p>\n<p>O Benfica respondeu de imediato, com cabeceamentos de Cristina Mart\u00edn-Prieto e Nycole Raysla, para al\u00e9m de um remate de Anna Gasper, aos 20 minutos, por cima, mas a turma francesa segurava a vantagem e viu Froya Brennskag-Dorsin atirar ao lado.<\/p>\n<p>No entanto, as \u2018encarnadas\u2019 foram crescendo ao longo da primeira parte e a muito irreverente L\u00facia Alves conquistou uma grande penalidade, que Carole Costa n\u00e3o desperdi\u00e7ou, atirando a bola para o lado contr\u00e1rio a Katarzyna Kiedrzynek, aos 32 minutos.<\/p>\n<p>Froya Brennskag-Dorsin e Chandra Davidson ainda amea\u00e7aram novo tento antes do intervalo, uma para cada lado, mas o empate prosseguiu para a segunda parte, na qual as gaulesas foram mais perigosas e estiveram muito perto do golo, aos 52 minutos.<\/p>\n<p>Ivan Baptista fez quatro altera\u00e7\u00f5es de uma assentada, aos 61 minutos, possivelmente j\u00e1 a pensar no d\u00e9rbi de domingo com o Sporting, e, logo de seguida, Merveille Kanjinga finalizou ao segundo poste para o PSG, mas em posi\u00e7\u00e3o irregular.<\/p>\n<p>O Paris Saint-Germain voltou a falhar o segundo tento, de forma inacredit\u00e1vel, aos 75 minutos, com a bola a embater no poste duas vezes no mesmo lance, e o Benfica s\u00f3 na etapa final conseguiu acercar-se da baliza contr\u00e1ria, mas o empate permaneceu.<\/p>\n","protected":false},"excerpt":{"rendered":"Com as duas forma\u00e7\u00f5es eliminadas e sem poder alcan\u00e7ar o play-off de acesso aos \u2018quartos\u2019, o PSG chegou&hellip;\n","protected":false},"author":2,"featured_media":192775,"comment_status":"","ping_status":"","sticky":false,"template":"","format":"standard","meta":{"footnotes":""},"categories":[87],"tags":[135,13,32,33,420,421,134],"class_list":{"0":"post-192774","1":"post","2":"type-post","3":"status-publish","4":"format-standard","5":"has-post-thumbnail","7":"category-desporto","8":"tag-desporto","9":"tag-noticias","10":"tag-portugal","11":"tag-pt","12":"tag-rtp","13":"tag-rtp-noticias","14":"tag-sports"},"share_on_mastodon":{"url":"https:\/\/pubeurope.com\/@pt\/115737994553675306","error":""},"_links":{"self":[{"href":"https:\/\/www.europesays.com\/pt\/wp-json\/wp\/v2\/posts\/192774","targetHints":{"allow":["GET"]}}],"collection":[{"href":"https:\/\/www.europesays.com\/pt\/wp-json\/wp\/v2\/posts"}],"about":[{"href":"https:\/\/www.europesays.com\/pt\/wp-json\/wp\/v2\/types\/post"}],"author":[{"embeddable":true,"href":"https:\/\/www.europesays.com\/pt\/wp-json\/wp\/v2\/users\/2"}],"replies":[{"embeddable":true,"href":"https:\/\/www.europesays.com\/pt\/wp-json\/wp\/v2\/comments?post=192774"}],"version-history":[{"count":0,"href":"https:\/\/www.europesays.com\/pt\/wp-json\/wp\/v2\/posts\/192774\/revisions"}],"wp:featuredmedia":[{"embeddable":true,"href":"https:\/\/www.europesays.com\/pt\/wp-json\/wp\/v2\/media\/192775"}],"wp:attachment":[{"href":"https:\/\/www.europesays.com\/pt\/wp-json\/wp\/v2\/media?parent=192774"}],"wp:term":[{"taxonomy":"category","embeddable":true,"href":"https:\/\/www.europesays.com\/pt\/wp-json\/wp\/v2\/categories?post=192774"},{"taxonomy":"post_tag","embeddable":true,"href":"https:\/\/www.europesays.com\/pt\/wp-json\/wp\/v2\/tags?post=192774"}],"curies":[{"name":"wp","href":"https:\/\/api.w.org\/{rel}","templated":true}]}}