{"id":192778,"date":"2025-12-18T01:36:07","date_gmt":"2025-12-18T01:36:07","guid":{"rendered":"https:\/\/www.europesays.com\/pt\/192778\/"},"modified":"2025-12-18T01:36:07","modified_gmt":"2025-12-18T01:36:07","slug":"central-sicoob-uni-entrega-54-cestas-basicas-para-osceia","status":"publish","type":"post","link":"https:\/\/www.europesays.com\/pt\/192778\/","title":{"rendered":"Central Sicoob Uni entrega 54 cestas b\u00e1sicas para Osceia"},"content":{"rendered":"<p style=\"text-align: center;\">A institui\u00e7\u00e3o sem fins lucrativos busca promover a assist\u00eancia social e a educa\u00e7\u00e3o e foi indicada pela cooperativa Sicoob Credseguro.<\/p>\n<p style=\"text-align: justify;\">A Central Sicoob Uni, por meio do Instituto Sicoob, realizou a doa\u00e7\u00e3o de 54 cestas b\u00e1sicas para a Osceia, em Goi\u00e2nia (GO). Os alimentos foram arrecadados durante uma campanha com colaboradores e parceiros e a entrega ocorreu no \u00faltimo dia 12 de dezembro. A iniciativa refor\u00e7a como a institui\u00e7\u00e3o vivencia o 7\u00ba princ\u00edpio do cooperativismo, interesse pela comunidade.<\/p>\n<p style=\"text-align: justify; padding-left: 40px;\">Renato Luiz Ferreira, diretor financeiro da Osceia, destacou que as cestas b\u00e1sicas v\u00e3o contribuir para fortalecer as a\u00e7\u00f5es da institui\u00e7\u00e3o. \u201cO impacto \u00e9 substancial. Temos a m\u00e1xima da uni\u00e3o faz a for\u00e7a, ent\u00e3o doa\u00e7\u00f5es como essa, com esse volume, v\u00e3o ajudar a alimentar as pessoas. E o m\u00eas de dezembro \u00e9 muito significativo, porque \u00e9 o momento que refor\u00e7a o amor, a caridade e a fraternidade\u201d.<\/p>\n<p style=\"text-align: justify;\">O dirigente ainda ressaltou como a a\u00e7\u00e3o impacta de forma positiva. \u201cAs pessoas que v\u00e3o receber as doa\u00e7\u00f5es alimentam a esperan\u00e7a de um mundo melhor, com colabora\u00e7\u00e3o e que elas n\u00e3o est\u00e3o sozinhas. Somos uma institui\u00e7\u00e3o que concentra atendimento na coletividade pela escola e a forma\u00e7\u00e3o profissional, e a alimenta\u00e7\u00e3o \u00e9 essencial nesse processo\u201d, disse o diretor.<\/p>\n<p style=\"text-align: justify; padding-left: 40px;\">A institui\u00e7\u00e3o foi indicada para receber as cestas b\u00e1sicas pela cooperativa Sicoob Credseguro, que foi representada pelo superintendente Operacional, Valdeson Paiva, durante a entrega dos alimentos, al\u00e9m da presen\u00e7a da analista de Cidadania e Sustentabilidade do Instituto Sicoob, Sara Molina.<\/p>\n<p style=\"text-align: justify;\">A Osceia \u00e9 a institui\u00e7\u00e3o Obras Sociais do Centro Esp\u00edrita Irm\u00e3o \u00c1ureo, uma ONG (Organiza\u00e7\u00e3o N\u00e3o Governamental), sem fins lucrativos, que busca promover a assist\u00eancia social e a educa\u00e7\u00e3o. Fundada em 4 de maio de 1984, tem sua sede no Jardim Nova Esperan\u00e7a, regi\u00e3o noroeste de Goi\u00e2nia.<\/p>\n<p>Fonte: Sicoob<\/p>\n","protected":false},"excerpt":{"rendered":"A institui\u00e7\u00e3o sem fins lucrativos busca promover a assist\u00eancia social e a educa\u00e7\u00e3o e foi indicada pela cooperativa&hellip;\n","protected":false},"author":2,"featured_media":192779,"comment_status":"","ping_status":"","sticky":false,"template":"","format":"standard","meta":{"footnotes":""},"categories":[84],"tags":[38717,109,107,108,38718,32,33,105,103,104,106,110],"class_list":{"0":"post-192778","1":"post","2":"type-post","3":"status-publish","4":"format-standard","5":"has-post-thumbnail","7":"category-ciencia-e-tecnologia","8":"tag-central-sicoob-uni","9":"tag-ciencia","10":"tag-ciencia-e-tecnologia","11":"tag-cienciaetecnologia","12":"tag-cooperativa","13":"tag-portugal","14":"tag-pt","15":"tag-science","16":"tag-science-and-technology","17":"tag-scienceandtechnology","18":"tag-technology","19":"tag-tecnologia"},"share_on_mastodon":{"url":"https:\/\/pubeurope.com\/@pt\/115738010137965933","error":""},"_links":{"self":[{"href":"https:\/\/www.europesays.com\/pt\/wp-json\/wp\/v2\/posts\/192778","targetHints":{"allow":["GET"]}}],"collection":[{"href":"https:\/\/www.europesays.com\/pt\/wp-json\/wp\/v2\/posts"}],"about":[{"href":"https:\/\/www.europesays.com\/pt\/wp-json\/wp\/v2\/types\/post"}],"author":[{"embeddable":true,"href":"https:\/\/www.europesays.com\/pt\/wp-json\/wp\/v2\/users\/2"}],"replies":[{"embeddable":true,"href":"https:\/\/www.europesays.com\/pt\/wp-json\/wp\/v2\/comments?post=192778"}],"version-history":[{"count":0,"href":"https:\/\/www.europesays.com\/pt\/wp-json\/wp\/v2\/posts\/192778\/revisions"}],"wp:featuredmedia":[{"embeddable":true,"href":"https:\/\/www.europesays.com\/pt\/wp-json\/wp\/v2\/media\/192779"}],"wp:attachment":[{"href":"https:\/\/www.europesays.com\/pt\/wp-json\/wp\/v2\/media?parent=192778"}],"wp:term":[{"taxonomy":"category","embeddable":true,"href":"https:\/\/www.europesays.com\/pt\/wp-json\/wp\/v2\/categories?post=192778"},{"taxonomy":"post_tag","embeddable":true,"href":"https:\/\/www.europesays.com\/pt\/wp-json\/wp\/v2\/tags?post=192778"}],"curies":[{"name":"wp","href":"https:\/\/api.w.org\/{rel}","templated":true}]}}