{"id":192784,"date":"2025-12-18T01:42:13","date_gmt":"2025-12-18T01:42:13","guid":{"rendered":"https:\/\/www.europesays.com\/pt\/192784\/"},"modified":"2025-12-18T01:42:13","modified_gmt":"2025-12-18T01:42:13","slug":"suicidio-na-origem-da-explosao-que-matou-duas-criancas-portuguesas-em-franca","status":"publish","type":"post","link":"https:\/\/www.europesays.com\/pt\/192784\/","title":{"rendered":"Suic\u00eddio na origem da explos\u00e3o que matou duas crian\u00e7as portuguesas em Fran\u00e7a"},"content":{"rendered":"<p data-remotead-prev-elm=\"true\" data-remotead-elm-id=\"inread\">A investiga\u00e7\u00e3o conduzida pelas autoridades francesas indicou que a mulher, encontrada pelos servi\u00e7os de resgate, tirou a pr\u00f3pria vida ao abrir o g\u00e1s na sua resid\u00eancia, mas tamb\u00e9m a de outros habitantes no mesmo edif\u00edcio, como foi o caso das duas crian\u00e7as portuguesas, de tr\u00eas e cinco anos, que entraram em paragem cardiorrespirat\u00f3ria e foram retiradas dos escombros. Os socorristas n\u00e3o conseguiram reanim\u00e1-las. A mulher de Bruno, pai das crian\u00e7as, tamb\u00e9m ficou ferida.<\/p>\n","protected":false},"excerpt":{"rendered":"A investiga\u00e7\u00e3o conduzida pelas autoridades francesas indicou que a mulher, encontrada pelos servi\u00e7os de resgate, tirou a pr\u00f3pria&hellip;\n","protected":false},"author":2,"featured_media":192785,"comment_status":"","ping_status":"","sticky":false,"template":"","format":"standard","meta":{"footnotes":""},"categories":[8],"tags":[27,28,38719,838,10922,15,16,208,14,25,26,21,22,3912,12,13,19,20,32,23,24,33,17,18,29,30,31],"class_list":{"0":"post-192784","1":"post","2":"type-post","3":"status-publish","4":"format-standard","5":"has-post-thumbnail","7":"category-principais-noticias","8":"tag-breaking-news","9":"tag-breakingnews","10":"tag-concelho-cabeceiras-de-basto","11":"tag-criancas","12":"tag-explosao","13":"tag-featured-news","14":"tag-featurednews","15":"tag-franca","16":"tag-headlines","17":"tag-latest-news","18":"tag-latestnews","19":"tag-main-news","20":"tag-mainnews","21":"tag-mortes","22":"tag-news","23":"tag-noticias","24":"tag-noticias-principais","25":"tag-noticiasprincipais","26":"tag-portugal","27":"tag-principais-noticias","28":"tag-principaisnoticias","29":"tag-pt","30":"tag-top-stories","31":"tag-topstories","32":"tag-ultimas","33":"tag-ultimas-noticias","34":"tag-ultimasnoticias"},"share_on_mastodon":{"url":"https:\/\/pubeurope.com\/@pt\/115738033990475917","error":""},"_links":{"self":[{"href":"https:\/\/www.europesays.com\/pt\/wp-json\/wp\/v2\/posts\/192784","targetHints":{"allow":["GET"]}}],"collection":[{"href":"https:\/\/www.europesays.com\/pt\/wp-json\/wp\/v2\/posts"}],"about":[{"href":"https:\/\/www.europesays.com\/pt\/wp-json\/wp\/v2\/types\/post"}],"author":[{"embeddable":true,"href":"https:\/\/www.europesays.com\/pt\/wp-json\/wp\/v2\/users\/2"}],"replies":[{"embeddable":true,"href":"https:\/\/www.europesays.com\/pt\/wp-json\/wp\/v2\/comments?post=192784"}],"version-history":[{"count":0,"href":"https:\/\/www.europesays.com\/pt\/wp-json\/wp\/v2\/posts\/192784\/revisions"}],"wp:featuredmedia":[{"embeddable":true,"href":"https:\/\/www.europesays.com\/pt\/wp-json\/wp\/v2\/media\/192785"}],"wp:attachment":[{"href":"https:\/\/www.europesays.com\/pt\/wp-json\/wp\/v2\/media?parent=192784"}],"wp:term":[{"taxonomy":"category","embeddable":true,"href":"https:\/\/www.europesays.com\/pt\/wp-json\/wp\/v2\/categories?post=192784"},{"taxonomy":"post_tag","embeddable":true,"href":"https:\/\/www.europesays.com\/pt\/wp-json\/wp\/v2\/tags?post=192784"}],"curies":[{"name":"wp","href":"https:\/\/api.w.org\/{rel}","templated":true}]}}