{"id":192794,"date":"2025-12-18T01:52:44","date_gmt":"2025-12-18T01:52:44","guid":{"rendered":"https:\/\/www.europesays.com\/pt\/192794\/"},"modified":"2025-12-18T01:52:44","modified_gmt":"2025-12-18T01:52:44","slug":"chatgpt-ganha-novo-editor-de-imagens-melhor-e-mais-rapido","status":"publish","type":"post","link":"https:\/\/www.europesays.com\/pt\/192794\/","title":{"rendered":"ChatGPT ganha novo editor de imagens melhor e mais r\u00e1pido"},"content":{"rendered":"<p class=\"my-5 break-words group-[.isActiveSource]:text-xl\">A <strong class=\"group-[.isActiveSource]:text-xl group-[.isActiveSource]:font-bold\">OpenAI<\/strong> anunciou, nesta semana, o lan\u00e7amento de <strong class=\"group-[.isActiveSource]:text-xl group-[.isActiveSource]:font-bold\">uma nova vers\u00e3o do editor de imagens do ChatGPT: o GPT Image 1.5.<\/strong><\/p>\n<p class=\"my-5 break-words group-[.isActiveSource]:text-xl\">A nova vers\u00e3o da funcionalidade promete ser mais eficiente e mais r\u00e1pida na gera\u00e7\u00e3o e edi\u00e7\u00e3o de imagens. &#8220;Ele realiza edi\u00e7\u00f5es precisas, mantendo os detalhes intactos, e gera imagens at\u00e9 4 vezes mais r\u00e1pido&#8221;, diz o comunicado divulgado pela empresa.<\/p>\n<p class=\"my-5 break-words group-[.isActiveSource]:text-xl\">A atualiza\u00e7\u00e3o j\u00e1 est\u00e1 dispon\u00edvel para a maioria dos usu\u00e1rios, com acesso para as vers\u00f5es Business e Enterprise previsto para o futuro.<\/p>\n<p class=\"my-5 break-words group-[.isActiveSource]:text-xl\">Segundo a OpenAI, <a href=\"https:\/\/www.cnnbrasil.com.br\/tecnologia\/nova-funcao-permite-usar-chatgpt-em-grupos-entenda-como-funciona\/\" target=\"_blank\" rel=\"noopener noreferrer nofollow\" class=\"text-red-600 underline hover:text-red-500 font-medium break-words group-[.isActiveSource]:text-xl\">o chatbot<\/a> agora ter\u00e1 uma edi\u00e7\u00e3o mais confi\u00e1vel de imagens, com maior aten\u00e7\u00e3o aos detalhes.<\/p>\n<p class=\"my-5 break-words group-[.isActiveSource]:text-xl\">&#8220;Isso desbloqueia resultados que correspondem \u00e0 sua inten\u00e7\u00e3o \u2013 edi\u00e7\u00f5es de fotos mais \u00fateis, experimenta\u00e7\u00f5es de roupas e penteados mais convincentes, al\u00e9m de filtros estil\u00edsticos e transforma\u00e7\u00f5es conceituais que preservam a ess\u00eancia da imagem original. Juntas, essas melhorias significam que o <a href=\"https:\/\/www.cnnbrasil.com.br\/tecnologia\/brasil-esta-entre-os-paises-que-mais-usam-o-chatgpt-diz-estudo\/\" target=\"_blank\" rel=\"noopener noreferrer nofollow\" class=\"text-red-600 underline hover:text-red-500 font-medium break-words group-[.isActiveSource]:text-xl\">ChatGPT<\/a> pode funcionar como um est\u00fadio criativo no seu bolso, capaz tanto de edi\u00e7\u00f5es pr\u00e1ticas quanto de reimagina\u00e7\u00e3o expressiva&#8221;, acrescenta o comunicado.<\/p>\n<p class=\"my-5 break-words group-[.isActiveSource]:text-xl\">&#8220;Acreditamos que ainda estamos no in\u00edcio do que a gera\u00e7\u00e3o de imagens pode possibilitar. A atualiza\u00e7\u00e3o de hoje \u00e9 um passo significativo, com muito mais por vir, desde edi\u00e7\u00f5es mais precisas at\u00e9 resultados mais ricos e detalhados em diversos idiomas&#8221;, diz o texto.<\/p>\n","protected":false},"excerpt":{"rendered":"A OpenAI anunciou, nesta semana, o lan\u00e7amento de uma nova vers\u00e3o do editor de imagens do ChatGPT: o&hellip;\n","protected":false},"author":2,"featured_media":192795,"comment_status":"","ping_status":"","sticky":false,"template":"","format":"standard","meta":{"footnotes":""},"categories":[84],"tags":[109,107,108,32,33,105,103,104,106,110],"class_list":{"0":"post-192794","1":"post","2":"type-post","3":"status-publish","4":"format-standard","5":"has-post-thumbnail","7":"category-ciencia-e-tecnologia","8":"tag-ciencia","9":"tag-ciencia-e-tecnologia","10":"tag-cienciaetecnologia","11":"tag-portugal","12":"tag-pt","13":"tag-science","14":"tag-science-and-technology","15":"tag-scienceandtechnology","16":"tag-technology","17":"tag-tecnologia"},"share_on_mastodon":{"url":"https:\/\/pubeurope.com\/@pt\/115738073048533636","error":""},"_links":{"self":[{"href":"https:\/\/www.europesays.com\/pt\/wp-json\/wp\/v2\/posts\/192794","targetHints":{"allow":["GET"]}}],"collection":[{"href":"https:\/\/www.europesays.com\/pt\/wp-json\/wp\/v2\/posts"}],"about":[{"href":"https:\/\/www.europesays.com\/pt\/wp-json\/wp\/v2\/types\/post"}],"author":[{"embeddable":true,"href":"https:\/\/www.europesays.com\/pt\/wp-json\/wp\/v2\/users\/2"}],"replies":[{"embeddable":true,"href":"https:\/\/www.europesays.com\/pt\/wp-json\/wp\/v2\/comments?post=192794"}],"version-history":[{"count":0,"href":"https:\/\/www.europesays.com\/pt\/wp-json\/wp\/v2\/posts\/192794\/revisions"}],"wp:featuredmedia":[{"embeddable":true,"href":"https:\/\/www.europesays.com\/pt\/wp-json\/wp\/v2\/media\/192795"}],"wp:attachment":[{"href":"https:\/\/www.europesays.com\/pt\/wp-json\/wp\/v2\/media?parent=192794"}],"wp:term":[{"taxonomy":"category","embeddable":true,"href":"https:\/\/www.europesays.com\/pt\/wp-json\/wp\/v2\/categories?post=192794"},{"taxonomy":"post_tag","embeddable":true,"href":"https:\/\/www.europesays.com\/pt\/wp-json\/wp\/v2\/tags?post=192794"}],"curies":[{"name":"wp","href":"https:\/\/api.w.org\/{rel}","templated":true}]}}