{"id":192796,"date":"2025-12-18T01:56:30","date_gmt":"2025-12-18T01:56:30","guid":{"rendered":"https:\/\/www.europesays.com\/pt\/192796\/"},"modified":"2025-12-18T01:56:30","modified_gmt":"2025-12-18T01:56:30","slug":"pj-detem-homem-do-bangladesh-suspeito-de-agredir-sexualmente-mulher-da-lituania-em-lisboa","status":"publish","type":"post","link":"https:\/\/www.europesays.com\/pt\/192796\/","title":{"rendered":"PJ det\u00e9m homem do Bangladesh suspeito de agredir sexualmente mulher da Litu\u00e2nia em Lisboa"},"content":{"rendered":"<p>A Pol\u00edcia Judici\u00e1ria deteve esta quarta-feira, 17 de dezembro, em Lisboa, um cidad\u00e3o natural do Bangladesh, de 29 anos, suspeito de abusar sexualmente de uma mulher de 21 anos, de nacionalidade lituana, que estava embriagada.<\/p>\n<p>Em comunicado, a PJ revela que o suspeito est\u00e1 &#8220;fortemente indiciado da pr\u00e1tica dos crimes de abuso sexual de pessoa incapaz de resist\u00eancia, coa\u00e7\u00e3o e ainda de grava\u00e7\u00f5es e fotografias il\u00edcitas&#8221;.<\/p>\n<p>O crime ter\u00e1 ocorrido no \u00faltimo domingo, uma semana depois de a v\u00edtima ter conhecido o suspeito num bar de Lisboa atrav\u00e9s de amigos em comum, quando o homem de 29 anos transportou a v\u00edtima, que estava em &#8220;alegado estado de embriaguez&#8221;, na sua viatura de TVDE que opera na capital. Foi neste contexto que a mulher ter\u00e1 sido abusada sexualmente, tendo o ato sido filmado pelo suspeito, que depois usou essas imagens para que a v\u00edtima n\u00e3o apresentasse a den\u00fancia.<\/p>\n<p>No entanto, ao recuperar a consci\u00eancia, a mulher deslocou-se ao hos+pital onde foi confirmado ter sido sexualmente agredida, de acordo com as per\u00edcias realizadas.<\/p>\n<p>A Diretoria de Lisboa e Vale do Tejo da PJ procedeu depois \u00e0 localiza\u00e7\u00e3o e deten\u00e7\u00e3o do suspeito, que tinha antecedentes por crime de condu\u00e7\u00e3o de ve\u00edculo em estado de embriaguez ou sob a influ\u00eancia de estupefacientes ou subst\u00e2ncias psicotr\u00f3picas.<\/p>\n<p>Depois de ter sido presente ao juiz para primeiro interrogat\u00f3rio, o arguido ficou sujeito \u00e0 medida de coa\u00e7\u00e3o de pris\u00e3o preventiva.<\/p>\n","protected":false},"excerpt":{"rendered":"A Pol\u00edcia Judici\u00e1ria deteve esta quarta-feira, 17 de dezembro, em Lisboa, um cidad\u00e3o natural do Bangladesh, de 29&hellip;\n","protected":false},"author":2,"featured_media":192797,"comment_status":"","ping_status":"","sticky":false,"template":"","format":"standard","meta":{"footnotes":""},"categories":[8],"tags":[27,28,4525,15,16,14,25,26,797,21,22,12,13,19,20,2445,32,23,24,33,17,18,29,30,31],"class_list":{"0":"post-192796","1":"post","2":"type-post","3":"status-publish","4":"format-standard","5":"has-post-thumbnail","7":"category-principais-noticias","8":"tag-breaking-news","9":"tag-breakingnews","10":"tag-crime-sexual","11":"tag-featured-news","12":"tag-featurednews","13":"tag-headlines","14":"tag-latest-news","15":"tag-latestnews","16":"tag-lisboa","17":"tag-main-news","18":"tag-mainnews","19":"tag-news","20":"tag-noticias","21":"tag-noticias-principais","22":"tag-noticiasprincipais","23":"tag-policia-judiciaria","24":"tag-portugal","25":"tag-principais-noticias","26":"tag-principaisnoticias","27":"tag-pt","28":"tag-top-stories","29":"tag-topstories","30":"tag-ultimas","31":"tag-ultimas-noticias","32":"tag-ultimasnoticias"},"share_on_mastodon":{"url":"https:\/\/pubeurope.com\/@pt\/115738088975781396","error":""},"_links":{"self":[{"href":"https:\/\/www.europesays.com\/pt\/wp-json\/wp\/v2\/posts\/192796","targetHints":{"allow":["GET"]}}],"collection":[{"href":"https:\/\/www.europesays.com\/pt\/wp-json\/wp\/v2\/posts"}],"about":[{"href":"https:\/\/www.europesays.com\/pt\/wp-json\/wp\/v2\/types\/post"}],"author":[{"embeddable":true,"href":"https:\/\/www.europesays.com\/pt\/wp-json\/wp\/v2\/users\/2"}],"replies":[{"embeddable":true,"href":"https:\/\/www.europesays.com\/pt\/wp-json\/wp\/v2\/comments?post=192796"}],"version-history":[{"count":0,"href":"https:\/\/www.europesays.com\/pt\/wp-json\/wp\/v2\/posts\/192796\/revisions"}],"wp:featuredmedia":[{"embeddable":true,"href":"https:\/\/www.europesays.com\/pt\/wp-json\/wp\/v2\/media\/192797"}],"wp:attachment":[{"href":"https:\/\/www.europesays.com\/pt\/wp-json\/wp\/v2\/media?parent=192796"}],"wp:term":[{"taxonomy":"category","embeddable":true,"href":"https:\/\/www.europesays.com\/pt\/wp-json\/wp\/v2\/categories?post=192796"},{"taxonomy":"post_tag","embeddable":true,"href":"https:\/\/www.europesays.com\/pt\/wp-json\/wp\/v2\/tags?post=192796"}],"curies":[{"name":"wp","href":"https:\/\/api.w.org\/{rel}","templated":true}]}}