{"id":192798,"date":"2025-12-18T01:57:12","date_gmt":"2025-12-18T01:57:12","guid":{"rendered":"https:\/\/www.europesays.com\/pt\/192798\/"},"modified":"2025-12-18T01:57:12","modified_gmt":"2025-12-18T01:57:12","slug":"veteranos-se-unem-e-cobram-papeis-na-tv","status":"publish","type":"post","link":"https:\/\/www.europesays.com\/pt\/192798\/","title":{"rendered":"Veteranos se unem e cobram pap\u00e9is na TV"},"content":{"rendered":"<p data-start=\"151\" data-end=\"414\">Uma campanha lan\u00e7ada nesta quarta-feira (17) defende a amplia\u00e7\u00e3o do espa\u00e7o de atores veteranos na televis\u00e3o brasileira. A iniciativa utiliza a hashtag #EuQueroVeteranoNaTV e pede a presen\u00e7a de artistas experientes em pap\u00e9is de destaque nas produ\u00e7\u00f5es audiovisuais.<\/p>\n<p data-start=\"416\" data-end=\"807\">A a\u00e7\u00e3o foi idealizada pelo empres\u00e1rio art\u00edstico Marcus Montenegro, fundador da ag\u00eancia Montenegro Talents, que representa atores veteranos.<\/p>\n<p data-start=\"416\" data-end=\"807\">Segundo ele, a proposta sustenta que o talento n\u00e3o est\u00e1 condicionado \u00e0 idade e que a experi\u00eancia desses profissionais tem papel na produ\u00e7\u00e3o cultural. O slogan divulgado informa que o lugar de atores veteranos \u00e9 no set, no palco e em pap\u00e9is principais.<\/p>\n<p data-start=\"416\" data-end=\"807\">+\u00a0<a href=\"https:\/\/natelinha.uol.com.br\/tv-historia\/2025\/08\/21\/27-anos-depois-6-artistas-de-corpo-dourado-que-sumiram-da-televisao-230184.php\" target=\"_blank\" rel=\"noopener noreferrer nofollow\">27 anos depois: 6 artistas de Corpo Dourado que sumiram da televis\u00e3o<\/a><\/p>\n<p data-start=\"809\" data-end=\"1001\">De acordo com a campanha, a iniciativa surgiu a partir da percep\u00e7\u00e3o de uma redu\u00e7\u00e3o de artistas consagrados em posi\u00e7\u00f5es centrais em novelas e s\u00e9ries, associada ao etarismo no setor audiovisual.<\/p>\n<p data-start=\"1003\" data-end=\"1434\">Um v\u00eddeo divulgado nas redes sociais da ag\u00eancia, especialmente no perfil @montenegrotalentsoficial, re\u00fane atores veteranos que aderiram \u00e0 campanha.<\/p>\n<p>Quem faz parte da campanha?<\/p>\n<p data-start=\"1003\" data-end=\"1434\">Entre os participantes citados est\u00e3o Nathalia Timberg, Ana Beatriz Nogueira, Ana L\u00facia Torre, Analu Prestes, Angela Vieira, Andr\u00e9 Mattos, Beth Goulart, Ernani Moraes, Fabiana Karla, Leona Cavalli, Lu\u00edza Tom\u00e9, Helena Fernandes, N\u00edvea Maria, St\u00eanio Garcia, Suely Franco e Suzana Pires.<\/p>\n<p data-start=\"1003\" data-end=\"1434\">+\u00a0<a href=\"https:\/\/natelinha.uol.com.br\/tv-historia\/2025\/08\/06\/uma-se-arrependeu-4-estrelas-da-televisao-que-se-renderam-ao-conteudo-adulto-229103.php\" target=\"_blank\" rel=\"noopener noreferrer nofollow\">Uma se arrependeu: 4 estrelas da televis\u00e3o que se renderam ao conte\u00fado adulto<\/a><\/p>\n<p data-start=\"1436\" data-end=\"1578\" data-is-last-node=\"\" data-is-only-node=\"\">Outras men\u00e7\u00f5es relacionadas \u00e0 campanha incluem os nomes de Ana Rosa e Dhu Moraes, que aparecem em imagens e materiais associados \u00e0 iniciativa.<\/p>\n","protected":false},"excerpt":{"rendered":"Uma campanha lan\u00e7ada nesta quarta-feira (17) defende a amplia\u00e7\u00e3o do espa\u00e7o de atores veteranos na televis\u00e3o brasileira. A&hellip;\n","protected":false},"author":2,"featured_media":192799,"comment_status":"","ping_status":"","sticky":false,"template":"","format":"standard","meta":{"footnotes":""},"categories":[145],"tags":[211,210,114,115,32,33,218],"class_list":{"0":"post-192798","1":"post","2":"type-post","3":"status-publish","4":"format-standard","5":"has-post-thumbnail","7":"category-celebridades","8":"tag-celebridades","9":"tag-celebrities","10":"tag-entertainment","11":"tag-entretenimento","12":"tag-portugal","13":"tag-pt","14":"tag-televisao"},"share_on_mastodon":{"url":"https:\/\/pubeurope.com\/@pt\/115738092817137025","error":""},"_links":{"self":[{"href":"https:\/\/www.europesays.com\/pt\/wp-json\/wp\/v2\/posts\/192798","targetHints":{"allow":["GET"]}}],"collection":[{"href":"https:\/\/www.europesays.com\/pt\/wp-json\/wp\/v2\/posts"}],"about":[{"href":"https:\/\/www.europesays.com\/pt\/wp-json\/wp\/v2\/types\/post"}],"author":[{"embeddable":true,"href":"https:\/\/www.europesays.com\/pt\/wp-json\/wp\/v2\/users\/2"}],"replies":[{"embeddable":true,"href":"https:\/\/www.europesays.com\/pt\/wp-json\/wp\/v2\/comments?post=192798"}],"version-history":[{"count":0,"href":"https:\/\/www.europesays.com\/pt\/wp-json\/wp\/v2\/posts\/192798\/revisions"}],"wp:featuredmedia":[{"embeddable":true,"href":"https:\/\/www.europesays.com\/pt\/wp-json\/wp\/v2\/media\/192799"}],"wp:attachment":[{"href":"https:\/\/www.europesays.com\/pt\/wp-json\/wp\/v2\/media?parent=192798"}],"wp:term":[{"taxonomy":"category","embeddable":true,"href":"https:\/\/www.europesays.com\/pt\/wp-json\/wp\/v2\/categories?post=192798"},{"taxonomy":"post_tag","embeddable":true,"href":"https:\/\/www.europesays.com\/pt\/wp-json\/wp\/v2\/tags?post=192798"}],"curies":[{"name":"wp","href":"https:\/\/api.w.org\/{rel}","templated":true}]}}