{"id":192814,"date":"2025-12-18T02:12:20","date_gmt":"2025-12-18T02:12:20","guid":{"rendered":"https:\/\/www.europesays.com\/pt\/192814\/"},"modified":"2025-12-18T02:12:20","modified_gmt":"2025-12-18T02:12:20","slug":"starmer-quer-que-abramovich-entregue-valor-da-venda-do-chelsea-a-ucrania-caso-contrario-avanca-para-tribunal","status":"publish","type":"post","link":"https:\/\/www.europesays.com\/pt\/192814\/","title":{"rendered":"Starmer quer que Abramovich entregue valor da venda do Chelsea \u00e0 Ucr\u00e2nia. Caso contr\u00e1rio avan\u00e7a para tribunal"},"content":{"rendered":"<p>O primeiro-ministro brit\u00e2nico exige que o magnata russo Roman Abramovich entregue o valor pelo qual vendeu o Chelsea \u00e0 Ucr\u00e2nia, caso contr\u00e1rio, o Reino Unido ir\u00e1 avan\u00e7ar para uma a\u00e7\u00e3o judicial, avisou esta quarta-feira, 17 de dezembro.<\/p>\n<p>A posi\u00e7\u00e3o de Keir Starmer foi dada a conhecer na C\u00e2mara dos Comuns, onde anunciou que deu instru\u00e7\u00f5es para os procedimentos que t\u00eam como objetivo a transfer\u00eancia de 2,5 mil milh\u00f5es de libras (cerca de 2,8 mil milh\u00f5es de euros) da venda do Chelsea, em maio de 2022, para apoiar causas humanit\u00e1rias na Ucr\u00e2nia. <\/p>\n<p><strong>&#8220;Posso anunciar que estamos a emitir uma licen\u00e7a para transferir 2,5 mil milh\u00f5es de libras da venda do Chelsea que est\u00e1 congelada desde 2022&#8221;, afirmou Starmer.<\/strong> <\/p>\n<p>Perante os deputados, o primeiro-ministro deixou um aviso ao bilion\u00e1rio russo, que tamb\u00e9m tem a nacionalidade portuguesa &#8211; ao abrigo de um regime que abrangia\u00a0descendentes de judeus sefarditas portugueses. <strong>&#8220;A minha mensagem para Abramovich \u00e9 esta: o tempo est\u00e1 a passar, honre os compromissos que assumiu e pague agora.&#8221;<\/strong><\/p>\n<p>Caso Roman Abramovich n\u00e3o o fa\u00e7a, ir\u00e1 enfrentar a justi\u00e7a brit\u00e2nica, prometeu Keir Starmer. <strong>&#8220;Estamos preparados para ir para tribunal, para que cada c\u00eantimo chegue \u00e0queles cujas vidas foram destru\u00eddas pela guerra ilegal de Putin&#8221;, argumentou o primeiro-ministro,<\/strong> citado pelos media brit\u00e2nicos. <\/p>\n<p>O <a aria-label=\"content\" target=\"_blank\" href=\"https:\/\/www.theguardian.com\/world\/live\/2025\/dec\/17\/ukraine-russia-war-eu-european-council-frozen-assets-zelenskyy-europe-live-news#top-of-blog\" rel=\"nofollow noopener\">The Guardian<\/a><a aria-label=\"content\" target=\"_blank\" href=\"https:\/\/www.theguardian.com\/world\/live\/2025\/dec\/17\/ukraine-russia-war-eu-european-council-frozen-assets-zelenskyy-europe-live-news#top-of-blog\" rel=\"nofollow noopener\"> <\/a>explica que Abramovich, alvo de san\u00e7\u00f5es devido \u00e0 guerra levada a cabo pela R\u00fassia, vendeu o emblema ingl\u00eas em 2022 numa altura em que estava sob press\u00e3o do governo brit\u00e2nico, na sequ\u00eancia da invas\u00e3o russa da Ucr\u00e2nia.<a aria-label=\"content\" target=\"_blank\" href=\"https:\/\/www.dn.pt\/arquivo\/diario-de-noticias\/abramovich-poe-chelsea-a-venda-e-ja-ha-interessados-14641213.html\" rel=\"nofollow noopener\"> Obteve uma licen\u00e7a do Governo para vender o clube, desde que o valor do neg\u00f3cio tivesse como destino as v\u00edtimas da guerra na Ucr\u00e2nia<\/a>, em curso h\u00e1 quase quatro anos. <\/p>\n","protected":false},"excerpt":{"rendered":"O primeiro-ministro brit\u00e2nico exige que o magnata russo Roman Abramovich entregue o valor pelo qual vendeu o Chelsea&hellip;\n","protected":false},"author":2,"featured_media":192815,"comment_status":"","ping_status":"","sticky":false,"template":"","format":"standard","meta":{"footnotes":""},"categories":[8],"tags":[27,28,15,16,889,14,25,26,21,22,12,13,19,20,32,23,24,33,713,18315,839,17,18,29,30,31],"class_list":{"0":"post-192814","1":"post","2":"type-post","3":"status-publish","4":"format-standard","5":"has-post-thumbnail","7":"category-principais-noticias","8":"tag-breaking-news","9":"tag-breakingnews","10":"tag-featured-news","11":"tag-featurednews","12":"tag-guerra-na-ucrania","13":"tag-headlines","14":"tag-latest-news","15":"tag-latestnews","16":"tag-main-news","17":"tag-mainnews","18":"tag-news","19":"tag-noticias","20":"tag-noticias-principais","21":"tag-noticiasprincipais","22":"tag-portugal","23":"tag-principais-noticias","24":"tag-principaisnoticias","25":"tag-pt","26":"tag-reino-unido","27":"tag-roman-abramovich","28":"tag-russia","29":"tag-top-stories","30":"tag-topstories","31":"tag-ultimas","32":"tag-ultimas-noticias","33":"tag-ultimasnoticias"},"share_on_mastodon":{"url":"https:\/\/pubeurope.com\/@pt\/115738151828700365","error":""},"_links":{"self":[{"href":"https:\/\/www.europesays.com\/pt\/wp-json\/wp\/v2\/posts\/192814","targetHints":{"allow":["GET"]}}],"collection":[{"href":"https:\/\/www.europesays.com\/pt\/wp-json\/wp\/v2\/posts"}],"about":[{"href":"https:\/\/www.europesays.com\/pt\/wp-json\/wp\/v2\/types\/post"}],"author":[{"embeddable":true,"href":"https:\/\/www.europesays.com\/pt\/wp-json\/wp\/v2\/users\/2"}],"replies":[{"embeddable":true,"href":"https:\/\/www.europesays.com\/pt\/wp-json\/wp\/v2\/comments?post=192814"}],"version-history":[{"count":0,"href":"https:\/\/www.europesays.com\/pt\/wp-json\/wp\/v2\/posts\/192814\/revisions"}],"wp:featuredmedia":[{"embeddable":true,"href":"https:\/\/www.europesays.com\/pt\/wp-json\/wp\/v2\/media\/192815"}],"wp:attachment":[{"href":"https:\/\/www.europesays.com\/pt\/wp-json\/wp\/v2\/media?parent=192814"}],"wp:term":[{"taxonomy":"category","embeddable":true,"href":"https:\/\/www.europesays.com\/pt\/wp-json\/wp\/v2\/categories?post=192814"},{"taxonomy":"post_tag","embeddable":true,"href":"https:\/\/www.europesays.com\/pt\/wp-json\/wp\/v2\/tags?post=192814"}],"curies":[{"name":"wp","href":"https:\/\/api.w.org\/{rel}","templated":true}]}}