{"id":192817,"date":"2025-12-18T02:14:30","date_gmt":"2025-12-18T02:14:30","guid":{"rendered":"https:\/\/www.europesays.com\/pt\/192817\/"},"modified":"2025-12-18T02:14:30","modified_gmt":"2025-12-18T02:14:30","slug":"apartamento-moderno-traz-tons-de-verde-e-moveis-com-linhas-organicas","status":"publish","type":"post","link":"https:\/\/www.europesays.com\/pt\/192817\/","title":{"rendered":"Apartamento moderno traz tons de verde e m\u00f3veis com linhas org\u00e2nicas"},"content":{"rendered":"<p>\t\t\t\t\t\t                                \u00a0(Fellipe Lima\/Divulga\u00e7\u00e3o)<\/p>\n<p>                                    Continua ap\u00f3s publicidade<\/p>\n<p>\n                Ler Resumo<\/p>\n<ul class=\"resume-list\" id=\"resume-list\" aria-hidden=\"true\">\n<li class=\"section-item section-intro\">\n<p>O Apartamento Summer, projeto da Bohrer Arquitetos em Londrina, destaca-se pelo uso ousado de cores, acr\u00edlicos coloridos e solu\u00e7\u00f5es visuais din\u00e2micas em 97,85 m\u00b2. Com mobili\u00e1rio de design brasileiro e \u00e1reas sociais integradas por cores, ele oferece uma experi\u00eancia sensorial e afetiva, conectada aos modos de viver.<\/p>\n<\/li>\n<li class=\"section-item section-info\">\n<p style=\"margin: 0;\">Este resumo foi \u00fatil?<\/p>\n<p>\n                            \ud83d\udc4d<br \/>\ud83d\udc4e\n                        <\/p>\n<p>                    Resumo gerado por ferramenta de IA treinada pela reda\u00e7\u00e3o da Editora Abril.\n                <\/p>\n<\/li>\n<\/ul>\n<p>Combinando leveza, funcionalidade e um olhar contempor\u00e2neo para os materiais, a <a href=\"https:\/\/www.instagram.com\/bohrerarquitetos\/\" target=\"_blank\" rel=\"noopener nofollow\">Bohrer Arquitetos<\/a> assina projeto deste apartamento Londrina que traduz criatividade em cada espa\u00e7o. Com <strong>97,85 m\u00b2<\/strong>, o im\u00f3vel destaca-se pela utiliza\u00e7\u00e3o ousada das <strong>cores<\/strong> e por<strong> solu\u00e7\u00f5es visuais que exploram contrastes<\/strong>, superf\u00edcies e geometrias, criando uma atmosfera envolvente que se revela em cada detalhe.<\/p>\n<p>    <img loading=\"lazy\" decoding=\"async\" alt=\"Apartamento moderno traz tons de verde e m\u00f3veis com linhas org\u00e2nicas. Projeto de Bohrer Arquitetos.\" class=\"alignnone size-large wp-image-515935\" src=\"https:\/\/www.europesays.com\/pt\/wp-content\/uploads\/2025\/12\/apartamento-moderno-traz-tons-de-verde-profundo-e-moveis-com-linhas-organicas-boher-arquitetos-06.jp.webp\" border=\"0\" title=\"apartamento-moderno-traz-tons-de-verde-profundo-e-moveis-com-linhas-organicas-boher-arquitetos-06\" width=\"1024\" height=\"801\" data-restrict=\"false\" data-portal-copyright=\"Fellipe Lima\" data-image-caption=\"\" data-image-title=\"\" data-image-source=\"Divulga\u00e7\u00e3o\"\/><br \/>\n     \u2013 (Fellipe Lima\/Divulga\u00e7\u00e3o)<\/p>\n<p>A composi\u00e7\u00e3o crom\u00e1tica \u00e9 um dos elementos centrais do Apartamento Summer. <a href=\"https:\/\/casa.abril.com.br\/tudo-sobre\/verde\" target=\"_blank\" rel=\"noopener nofollow\">Verdes<\/a> profundos revestem parte das paredes e marcenarias, enquanto<strong><a href=\"https:\/\/casa.abril.com.br\/tudo-sobre\/branco\" target=\"_blank\" rel=\"noopener nofollow\"> brancos<\/a>, beges e tons de cinza<\/strong> ajudam a equilibrar e suavizam os ambientes. Toques de<strong><a href=\"https:\/\/casa.abril.com.br\/decoracao\/laranja-no-decor-confira-projetos\/\" target=\"_blank\" rel=\"noopener nofollow\"> laranja<\/a> e <a href=\"https:\/\/casa.abril.com.br\/tudo-sobre\/azul\" target=\"_blank\" rel=\"noopener nofollow\">azul<\/a><\/strong> surgem pontualmente, adicionando personalidade ao conjunto.<\/p>\n<p>    <img loading=\"lazy\" decoding=\"async\" alt=\"Apartamento moderno traz tons de verde e m\u00f3veis com linhas org\u00e2nicas. Projeto de Bohrer Arquitetos.\" class=\"alignnone size-large wp-image-515941\" src=\"https:\/\/www.europesays.com\/pt\/wp-content\/uploads\/2025\/12\/apartamento-moderno-traz-tons-de-verde-profundo-e-moveis-com-linhas-organicas-boher-arquitetos-14.jp.webp\" border=\"0\" title=\"apartamento-moderno-traz-tons-de-verde-profundo-e-moveis-com-linhas-organicas-boher-arquitetos-14\" width=\"683\" height=\"1024\" data-restrict=\"false\" data-portal-copyright=\"Fellipe Lima\" data-image-caption=\"\" data-image-title=\"\" data-image-source=\"Divulga\u00e7\u00e3o\"\/><br \/>\n     \u2013 (Fellipe Lima\/Divulga\u00e7\u00e3o)<\/p>\n<p>Um dos destaques \u00e9 o uso de <strong>acr\u00edlicos coloridos<\/strong>, que trazem mais ludicidade por meio de transpar\u00eancias e sobreposi\u00e7\u00f5es crom\u00e1ticas, criando um jogo visual din\u00e2mico.<\/p>\n<p>    Continua ap\u00f3s a publicidade<\/p>\n<p>    <img loading=\"lazy\" decoding=\"async\" alt=\"Apartamento moderno traz tons de verde e m\u00f3veis com linhas org\u00e2nicas. Projeto de Bohrer Arquitetos.\" class=\"alignnone size-large wp-image-515940\" src=\"https:\/\/www.europesays.com\/pt\/wp-content\/uploads\/2025\/12\/apartamento-moderno-traz-tons-de-verde-profundo-e-moveis-com-linhas-organicas-boher-arquitetos-11.jp.webp\" border=\"0\" title=\"apartamento-moderno-traz-tons-de-verde-profundo-e-moveis-com-linhas-organicas-boher-arquitetos-11\" width=\"683\" height=\"1024\" data-restrict=\"false\" data-portal-copyright=\"Fellipe Lima\" data-image-caption=\"\" data-image-title=\"\" data-image-source=\"Divulga\u00e7\u00e3o\"\/><br \/>\n     \u2013 (Fellipe Lima\/Divulga\u00e7\u00e3o)<\/p>\n<p>As \u00e1reas sociais s\u00e3o <a href=\"https:\/\/casa.abril.com.br\/tudo-sobre\/ambientes-integrados\" target=\"_blank\" rel=\"noopener nofollow\">integradas<\/a>, sem divis\u00f3rias, mas setorizadas de maneira sutil pela cor do forro. A entrada \u00e9 definida por um forro branco, enquanto a <a href=\"https:\/\/casa.abril.com.br\/tudo-sobre\/salas-de-estar\" target=\"_blank\" rel=\"noopener nofollow\">sala de estar<\/a>, jantar e <a href=\"https:\/\/casa.abril.com.br\/tudo-sobre\/cozinhas\" target=\"_blank\" rel=\"noopener nofollow\">cozinha<\/a> s\u00e3o destacadas pelo forro verde, criando uma divis\u00e3o visual que mant\u00e9m a fluidez da planta.<\/p>\n<p>    Continua ap\u00f3s a publicidade<\/p>\n<p>    <img loading=\"lazy\" decoding=\"async\" alt=\"Apartamento moderno traz tons de verde e m\u00f3veis com linhas org\u00e2nicas. Projeto de Bohrer Arquitetos.\" class=\"alignnone size-large wp-image-515931\" src=\"https:\/\/www.europesays.com\/pt\/wp-content\/uploads\/2025\/12\/apartamento-moderno-traz-tons-de-verde-profundo-e-moveis-com-linhas-organicas-boher-arquitetos-02.jp.webp\" border=\"0\" title=\"apartamento-moderno-traz-tons-de-verde-profundo-e-moveis-com-linhas-organicas-boher-arquitetos-02\" width=\"683\" height=\"1024\" data-restrict=\"false\" data-portal-copyright=\"Fellipe Lima\" data-image-caption=\"\" data-image-title=\"\" data-image-source=\"Divulga\u00e7\u00e3o\"\/><br \/>\n     \u2013 (Fellipe Lima\/Divulga\u00e7\u00e3o)<\/p>\n<p>O <strong>mobili\u00e1rio de formas org\u00e2nicas e leves<\/strong> comp\u00f5e uma curadoria de pe\u00e7as assinadas, que valoriza o design brasilero e refor\u00e7a a identidade visual do apartamento, com destaque para o pufe e a poltrona Porcini, assinados por Rejane Carvalho Leite, e para a <a href=\"https:\/\/casa.abril.com.br\/moveis-acessorios\/estantes-13-modelos\" rel=\"nofollow noopener\" target=\"_blank\">estante<\/a> Dots, do F. Studio. A composi\u00e7\u00e3o \u00e9 complementada por outras pe\u00e7as de designers e marcas como Molio Design, Est\u00fadio Latino e Folio Design.<\/p>\n<p>    <img loading=\"lazy\" decoding=\"async\" alt=\"Apartamento moderno traz tons de verde e m\u00f3veis com linhas org\u00e2nicas. Projeto de Bohrer Arquitetos.\" class=\"alignnone size-large wp-image-515944\" src=\"https:\/\/www.europesays.com\/pt\/wp-content\/uploads\/2025\/12\/apartamento-moderno-traz-tons-de-verde-profundo-e-moveis-com-linhas-organicas-boher-arquitetos-19.jp.webp\" border=\"0\" title=\"apartamento-moderno-traz-tons-de-verde-profundo-e-moveis-com-linhas-organicas-boher-arquitetos-19\" width=\"683\" height=\"1024\" data-restrict=\"false\" data-portal-copyright=\"Fellipe Lima\" data-image-caption=\"\" data-image-title=\"\" data-image-source=\"Divulga\u00e7\u00e3o\"\/><br \/>\n     \u2013 (Fellipe Lima\/Divulga\u00e7\u00e3o)<\/p>\n<p>    Continua ap\u00f3s a publicidade<\/p>\n<p>Newsletter<\/p>\n<p>\n                            Dicas, inspira\u00e7\u00f5es e not\u00edcias sobre decora\u00e7\u00e3o, arquitetura, jardinagem e organiza\u00e7\u00e3o para sua casa. Quem mora, precisa!<br \/>\n                                <strong><br \/>\n                                    Inscreva-se aqui<br \/>\n                                <\/strong>para receber a nossa newsletter<\/p>\n<p>                            Cadastro efetuado com sucesso!<\/p>\n<p>Voc\u00ea receber\u00e1 nossa newsletter em breve.<\/p>\n<p>\t\t\t<script async src=\"\/\/www.instagram.com\/embed.js\"><\/script><\/p>\n","protected":false},"excerpt":{"rendered":"\u00a0(Fellipe Lima\/Divulga\u00e7\u00e3o) Continua ap\u00f3s publicidade Ler Resumo O Apartamento Summer, projeto da Bohrer Arquitetos em Londrina, destaca-se pelo&hellip;\n","protected":false},"author":2,"featured_media":192818,"comment_status":"","ping_status":"","sticky":false,"template":"","format":"standard","meta":{"footnotes":""},"categories":[144],"tags":[207,205,206,203,201,202,204,114,115,32,33],"class_list":{"0":"post-192817","1":"post","2":"type-post","3":"status-publish","4":"format-standard","5":"has-post-thumbnail","7":"category-arte-e-design","8":"tag-arte","9":"tag-arte-e-design","10":"tag-artedesign","11":"tag-arts","12":"tag-arts-and-design","13":"tag-artsanddesign","14":"tag-design","15":"tag-entertainment","16":"tag-entretenimento","17":"tag-portugal","18":"tag-pt"},"share_on_mastodon":{"url":"https:\/\/pubeurope.com\/@pt\/115738160083627237","error":""},"_links":{"self":[{"href":"https:\/\/www.europesays.com\/pt\/wp-json\/wp\/v2\/posts\/192817","targetHints":{"allow":["GET"]}}],"collection":[{"href":"https:\/\/www.europesays.com\/pt\/wp-json\/wp\/v2\/posts"}],"about":[{"href":"https:\/\/www.europesays.com\/pt\/wp-json\/wp\/v2\/types\/post"}],"author":[{"embeddable":true,"href":"https:\/\/www.europesays.com\/pt\/wp-json\/wp\/v2\/users\/2"}],"replies":[{"embeddable":true,"href":"https:\/\/www.europesays.com\/pt\/wp-json\/wp\/v2\/comments?post=192817"}],"version-history":[{"count":0,"href":"https:\/\/www.europesays.com\/pt\/wp-json\/wp\/v2\/posts\/192817\/revisions"}],"wp:featuredmedia":[{"embeddable":true,"href":"https:\/\/www.europesays.com\/pt\/wp-json\/wp\/v2\/media\/192818"}],"wp:attachment":[{"href":"https:\/\/www.europesays.com\/pt\/wp-json\/wp\/v2\/media?parent=192817"}],"wp:term":[{"taxonomy":"category","embeddable":true,"href":"https:\/\/www.europesays.com\/pt\/wp-json\/wp\/v2\/categories?post=192817"},{"taxonomy":"post_tag","embeddable":true,"href":"https:\/\/www.europesays.com\/pt\/wp-json\/wp\/v2\/tags?post=192817"}],"curies":[{"name":"wp","href":"https:\/\/api.w.org\/{rel}","templated":true}]}}