{"id":192835,"date":"2025-12-18T02:31:13","date_gmt":"2025-12-18T02:31:13","guid":{"rendered":"https:\/\/www.europesays.com\/pt\/192835\/"},"modified":"2025-12-18T02:31:13","modified_gmt":"2025-12-18T02:31:13","slug":"vem-ai-em-a-protegida-reencontro-de-mariana-e-jd-marcado-por-lagrimas-e-muita-emocao-novelas","status":"publish","type":"post","link":"https:\/\/www.europesays.com\/pt\/192835\/","title":{"rendered":"Vem a\u00ed em \u00abA Protegida\u00bb: Reencontro de Mariana e JD marcado por l\u00e1grimas e muita emo\u00e7\u00e3o &#8211; Novelas"},"content":{"rendered":"<p>Em \u00abA Protegida\u00bb, <a href=\"https:\/\/tvi.iol.pt\/novelas\/ator\/mariana-vilalobos\/67ac80ecd34ef72ee44224fe\" wbo-id=\"51\" rel=\"nofollow noopener\" target=\"_blank\">Mariana (Matilde Reym\u00e3o)<\/a>\u00a0respira fundo e agarra a alian\u00e7a. Quando abre os olhos, v\u00ea <a href=\"https:\/\/tvi.iol.pt\/novelas\/ator\/jose-diogo\/67ac875bd34ef72ee4422589\" wbo-id=\"52\" rel=\"nofollow noopener\" target=\"_blank\">Jos\u00e9 Diogo (Pedro Sousa)<\/a>. Chama-o e corre para ele, mas JD fica sem rea\u00e7\u00e3o. Ela abra\u00e7a-o e estranha a atitude dele. JD percebe que Mariana \u00e9 a mulher com quem casou, mas n\u00e3o se lembra de nada. Mariana julga que ele est\u00e1 a fingir. <a href=\"https:\/\/tvi.iol.pt\/novelas\/search?pagina=1&amp;pesquisa=joaquim+horta\" rel=\"nofollow noopener\" target=\"_blank\">\u00d3scar (Joaquim Horta)<\/a>\u00a0e <a href=\"https:\/\/tvi.iol.pt\/novelas\/ator\/isabel-nobrega\/67adfe20d34e3f0bae9a67df\" rel=\"nofollow noopener\" target=\"_blank\">Isabel (Sara Barradas<\/a>) explicam-lhe que ele perdeu a mem\u00f3ria. Mariana fica em choque.\u00a0<\/p>\n<p>\u00a0Mariana chega com JD, \u00d3scar e Isabel. <a href=\"https:\/\/tvi.iol.pt\/novelas\/fotos\/exclusivo-a-protegida-num-ato-de-protecao-anita-mata-manuel\/67ffa9abd34ef72ee444d10d\" rel=\"nofollow noopener\" target=\"_blank\">Anita (Marina Mota)<\/a>\u00a0fica aliviada ao ver JD. Mariana percebe que Anita sabia do regresso de JD e n\u00e3o lhe disse nada. \u00d3scar assume que foi ele que pediu para n\u00e3o dizer nada, at\u00e9 o encontrarem. V\u00e3o todos para o quarto, para falarem melhor. Anita liga a Hector e deixa mensagem para lhe ligar com urg\u00eancia.<\/p>\n<p>\u00a0Mariana diz que a casa de JD \u00e9 onde ela e Carlota est\u00e3o, mas ele n\u00e3o faz ideia de quem seja Carlota. \u00d3scar relembra-o de que \u00e9 a sua filha, mas JD n\u00e3o tem qualquer emo\u00e7\u00e3o. Mariana conta-lhe alguns pormenores da sua hist\u00f3ria. Est\u00e1 obstinada em fazer com que JD se lembre de quem \u00e9, mas ele n\u00e3o se lembra de nada e s\u00f3 fica cada vez mais nervoso.<\/p>\n<p>\u00a0JD n\u00e3o quer continuar a ouvir como era a sua vida, porque n\u00e3o se lembra de nada. Para que Mariana o deixe em paz, JD diz que tem namorada. Mariana fica em choque e quer saber quem \u00e9. JD diz que foi ela que cuidou dele e lhe contou o que tinha acontecido. JD vai embora e Mariana quer ir atr\u00e1s dele. \u00d3scar e Isabel tentam trav\u00e1-la, mas sem sucesso. Mariana quer ir com JD, mas ele diz que n\u00e3o faz sentido, porque n\u00e3o se lembra dela. Mariana faz um esfor\u00e7o para n\u00e3o chorar. \u00d3scar oferece-se para levar JD \u00e0 praia, mas ele diz que consegue conduzir Mariana entrega o seu colar com a alian\u00e7a a JD. Diz-lhe que a hist\u00f3ria deles come\u00e7ou h\u00e1 muito tempo e n\u00e3o pode acabar assim. Mariana diz-lhe para ir resolver a sua vida, mas pede-lhe para voltar, para ver a filha e continuarem a sua hist\u00f3ria. JD guarda o colar e sai sem dizer nada. Mariana desaba a chorar.<\/p>\n<p>Recorde-se que JD n\u00e3o se lembra mesmo de nada, mas que tem tentado seguir todas as pistas para descobrir quem \u00e9:<\/p>\n","protected":false},"excerpt":{"rendered":"Em \u00abA Protegida\u00bb, Mariana (Matilde Reym\u00e3o)\u00a0respira fundo e agarra a alian\u00e7a. Quando abre os olhos, v\u00ea Jos\u00e9 Diogo&hellip;\n","protected":false},"author":2,"featured_media":192836,"comment_status":"","ping_status":"","sticky":false,"template":"","format":"standard","meta":{"footnotes":""},"categories":[142],"tags":[168,160,166,114,115,157,167,14916,164,884,881,161,158,165,159,32,33,156,163,151,162],"class_list":{"0":"post-192835","1":"post","2":"type-post","3":"status-publish","4":"format-standard","5":"has-post-thumbnail","7":"category-tv","8":"tag-a-protegida","9":"tag-ana-guiomar","10":"tag-cristina-ferreira","11":"tag-entertainment","12":"tag-entretenimento","13":"tag-festa-e-festa","14":"tag-ficcao","15":"tag-jd","16":"tag-jose-fidalgo","17":"tag-mariana","18":"tag-matilde-reymao","19":"tag-novelas","20":"tag-para-sempre","21":"tag-pedro-sousa","22":"tag-pedro-teixeira","23":"tag-portugal","24":"tag-pt","25":"tag-queridos-papas","26":"tag-tiago-teotonio-pereira","27":"tag-tv","28":"tag-tvi"},"share_on_mastodon":{"url":"https:\/\/pubeurope.com\/@pt\/115738226439159188","error":""},"_links":{"self":[{"href":"https:\/\/www.europesays.com\/pt\/wp-json\/wp\/v2\/posts\/192835","targetHints":{"allow":["GET"]}}],"collection":[{"href":"https:\/\/www.europesays.com\/pt\/wp-json\/wp\/v2\/posts"}],"about":[{"href":"https:\/\/www.europesays.com\/pt\/wp-json\/wp\/v2\/types\/post"}],"author":[{"embeddable":true,"href":"https:\/\/www.europesays.com\/pt\/wp-json\/wp\/v2\/users\/2"}],"replies":[{"embeddable":true,"href":"https:\/\/www.europesays.com\/pt\/wp-json\/wp\/v2\/comments?post=192835"}],"version-history":[{"count":0,"href":"https:\/\/www.europesays.com\/pt\/wp-json\/wp\/v2\/posts\/192835\/revisions"}],"wp:featuredmedia":[{"embeddable":true,"href":"https:\/\/www.europesays.com\/pt\/wp-json\/wp\/v2\/media\/192836"}],"wp:attachment":[{"href":"https:\/\/www.europesays.com\/pt\/wp-json\/wp\/v2\/media?parent=192835"}],"wp:term":[{"taxonomy":"category","embeddable":true,"href":"https:\/\/www.europesays.com\/pt\/wp-json\/wp\/v2\/categories?post=192835"},{"taxonomy":"post_tag","embeddable":true,"href":"https:\/\/www.europesays.com\/pt\/wp-json\/wp\/v2\/tags?post=192835"}],"curies":[{"name":"wp","href":"https:\/\/api.w.org\/{rel}","templated":true}]}}