{"id":192853,"date":"2025-12-18T02:47:07","date_gmt":"2025-12-18T02:47:07","guid":{"rendered":"https:\/\/www.europesays.com\/pt\/192853\/"},"modified":"2025-12-18T02:47:07","modified_gmt":"2025-12-18T02:47:07","slug":"homem-aranha-um-novo-dia-arte-conceitual-do-camaleao-teria-sido-vista-no-set","status":"publish","type":"post","link":"https:\/\/www.europesays.com\/pt\/192853\/","title":{"rendered":"Homem-Aranha: Um Novo Dia | Arte conceitual do Camale\u00e3o teria sido vista no set"},"content":{"rendered":"<p class=\"wp-block-yoast-seo-estimated-reading-time yoast-reading-time__wrapper\">Estimated reading time: 2 minutos<\/p>\n<p>De acordo com o insider <strong>Daniel RPK<\/strong>, uma arte conceitual do vil\u00e3o <strong>Camale\u00e3o<\/strong> teria sido vista no set de <a href=\"https:\/\/ovicio.com.br\/tag\/homem-aranha-um-novo-dia\/\" rel=\"nofollow noopener\" target=\"_blank\">Homem-Aranha: Um Novo Dia<\/a>, sugerindo que n\u00e3o est\u00e1 descartado que ele seja um dos muitos antagonistas da trama.<\/p>\n<p>Por enquanto, tudo deve ser tratado como um rumor. O enredo de <strong>Homem-Aranha: Um Novo Dia<\/strong> vem gerando muita confus\u00e3o e contradi\u00e7\u00f5es entre os insiders recentemente.<\/p>\n<p>O <strong>Camale\u00e3o<\/strong> \u00e9 um dos inimigos mais antigos do <strong>Homem-Aranha<\/strong> nas hist\u00f3rias em quadrinhos, mas a sua hist\u00f3ria no cinema \u00e9 curiosa. Um personagem chamado <strong>Dmitri Smerdyakov<\/strong> (o alter ego civil do <strong>Camale\u00e3o<\/strong> nos quadrinhos) apareceu em <strong>Homem-Aranha: Longe de Casa<\/strong>, sendo interpretado por <strong>Numan Acar<\/strong>. Mas, n\u00e3o havia indica\u00e7\u00e3o de que ele se tornaria o antagonista que os f\u00e3s conhecem dos quadrinhos da <strong>Marvel<\/strong>.<\/p>\n<p>J\u00e1 no universo de derivados da <strong>Sony<\/strong>, uma vers\u00e3o mais jovem de <strong>Dmitri<\/strong> apareceu em <strong>Kraven, o Ca\u00e7ador<\/strong>, com <strong>Fred Hechinger<\/strong> assumindo o papel. Ele aparece com o visual de <strong>Camale\u00e3o<\/strong> em uma \u00fanica cena, e a apar\u00eancia era extremamente fiel aos quadrinhos da <strong>Marvel<\/strong>. Mas com o enorme fracasso do filme (sem mencionar bombas como <strong>Morbius<\/strong> e <strong>Madame Teia<\/strong>), n\u00e3o h\u00e1 planos para que a <strong>Sony<\/strong> d\u00ea continuidade a essa vers\u00e3o.<\/p>\n<p><strong>Homem-Aranha: Um Novo Dia<\/strong> traz <strong>Tom Holland<\/strong>, <strong>Zendaya<\/strong>, <strong>Mark Ruffalo<\/strong>, <strong>Jon Bernthal<\/strong> e <strong>Sadie Sink<\/strong>, entre outros, no elenco.<\/p>\n<p>A data de lan\u00e7amento est\u00e1 marcada para 31 de julho de 2026.<\/p>\n<p>Leia tamb\u00e9m sobre Homem-Aranha:<\/p>\n","protected":false},"excerpt":{"rendered":"Estimated reading time: 2 minutos De acordo com o insider Daniel RPK, uma arte conceitual do vil\u00e3o Camale\u00e3o&hellip;\n","protected":false},"author":2,"featured_media":192854,"comment_status":"","ping_status":"","sticky":false,"template":"","format":"standard","meta":{"footnotes":""},"categories":[140],"tags":[38737,114,115,147,148,5814,10305,792,146,32,33],"class_list":{"0":"post-192853","1":"post","2":"type-post","3":"status-publish","4":"format-standard","5":"has-post-thumbnail","7":"category-filmes","8":"tag-camaleao","9":"tag-entertainment","10":"tag-entretenimento","11":"tag-film","12":"tag-filmes","13":"tag-homem-aranha","14":"tag-homem-aranha-um-novo-dia","15":"tag-marvel","16":"tag-movies","17":"tag-portugal","18":"tag-pt"},"share_on_mastodon":{"url":"https:\/\/pubeurope.com\/@pt\/115738289408874689","error":""},"_links":{"self":[{"href":"https:\/\/www.europesays.com\/pt\/wp-json\/wp\/v2\/posts\/192853","targetHints":{"allow":["GET"]}}],"collection":[{"href":"https:\/\/www.europesays.com\/pt\/wp-json\/wp\/v2\/posts"}],"about":[{"href":"https:\/\/www.europesays.com\/pt\/wp-json\/wp\/v2\/types\/post"}],"author":[{"embeddable":true,"href":"https:\/\/www.europesays.com\/pt\/wp-json\/wp\/v2\/users\/2"}],"replies":[{"embeddable":true,"href":"https:\/\/www.europesays.com\/pt\/wp-json\/wp\/v2\/comments?post=192853"}],"version-history":[{"count":0,"href":"https:\/\/www.europesays.com\/pt\/wp-json\/wp\/v2\/posts\/192853\/revisions"}],"wp:featuredmedia":[{"embeddable":true,"href":"https:\/\/www.europesays.com\/pt\/wp-json\/wp\/v2\/media\/192854"}],"wp:attachment":[{"href":"https:\/\/www.europesays.com\/pt\/wp-json\/wp\/v2\/media?parent=192853"}],"wp:term":[{"taxonomy":"category","embeddable":true,"href":"https:\/\/www.europesays.com\/pt\/wp-json\/wp\/v2\/categories?post=192853"},{"taxonomy":"post_tag","embeddable":true,"href":"https:\/\/www.europesays.com\/pt\/wp-json\/wp\/v2\/tags?post=192853"}],"curies":[{"name":"wp","href":"https:\/\/api.w.org\/{rel}","templated":true}]}}