{"id":192864,"date":"2025-12-18T02:56:11","date_gmt":"2025-12-18T02:56:11","guid":{"rendered":"https:\/\/www.europesays.com\/pt\/192864\/"},"modified":"2025-12-18T02:56:11","modified_gmt":"2025-12-18T02:56:11","slug":"laudo-expoe-fraude-em-nome-de-ana-hickmann-diz-equipe-da-apresentadora","status":"publish","type":"post","link":"https:\/\/www.europesays.com\/pt\/192864\/","title":{"rendered":"Laudo exp\u00f5e fraude em nome de Ana Hickmann, diz equipe da apresentadora"},"content":{"rendered":"<p data-start=\"157\" data-end=\"517\">A equipe da apresentadora <a href=\"https:\/\/natelinha.uol.com.br\/famosos\/tudo-sobre\/ana-hickmann\" rel=\"nofollow noopener\" target=\"_blank\">Ana Hickmann<\/a> informou nesta quarta-feira (17) que um laudo pericial judicial identificou falsifica\u00e7\u00e3o em assinaturas atribu\u00eddas a ela em contratos firmados com o Banco Safra.<\/p>\n<p data-start=\"157\" data-end=\"517\">Segundo o comunicado, terceiros teriam utilizado o nome da apresentadora sem autoriza\u00e7\u00e3o, refor\u00e7ando a alega\u00e7\u00e3o de que ela foi v\u00edtima de fraude.<\/p>\n<p data-start=\"519\" data-end=\"929\">De acordo com a manifesta\u00e7\u00e3o divulgada, a per\u00edcia concluiu que as assinaturas presentes nos contratos com o Banco Safra n\u00e3o correspondem \u00e0 grafia de Ana Hickmann.<\/p>\n<p data-start=\"519\" data-end=\"929\">+\u00a0<a href=\"https:\/\/natelinha.uol.com.br\/famosos\/2025\/11\/23\/por-que-ana-hickmann-nao-se-casou-no-religioso-com-edu-guedes-234286.php\" target=\"_blank\" rel=\"noopener noreferrer nofollow\">Por que Ana Hickmann n\u00e3o se casou no religioso com Edu Guedes<\/a><\/p>\n<p data-start=\"519\" data-end=\"929\">A equipe afirmou ainda que laudos anteriores j\u00e1 haviam apontado falsifica\u00e7\u00f5es em documentos vinculados ao Banco do Brasil e ao Ita\u00fa, indicando uso indevido do nome da apresentadora e afastando responsabilidade direta dela nos contratos analisados.<\/p>\n<p data-start=\"931\" data-end=\"1478\">O caso est\u00e1 inserido em uma disputa judicial envolvendo a apresentadora e supostas fraudes financeiras relacionadas a contratos banc\u00e1rios. A situa\u00e7\u00e3o teve in\u00edcio em novembro de 2023, quando Ana denunciou o ent\u00e3o marido, o empres\u00e1rio Alexandre Correa, por agress\u00e3o f\u00edsica, epis\u00f3dio que resultou na separa\u00e7\u00e3o e posterior div\u00f3rcio.<\/p>\n<p data-start=\"931\" data-end=\"1478\">Ap\u00f3s o rompimento, a apresentadora identificou irregularidades em empresas administradas pelo casal, com d\u00edvidas que ultrapassariam R$ 40 milh\u00f5es junto a diferentes institui\u00e7\u00f5es financeiras.<\/p>\n<p data-start=\"931\" data-end=\"1478\">+\u00a0<a href=\"https:\/\/natelinha.uol.com.br\/televisao\/2025\/09\/15\/ana-hickmann-vai-apresentar-programa-sobre-clodovil-231299.php\" target=\"_blank\" rel=\"noopener noreferrer nofollow\">Ana Hickmann vai apresentar programa sobre Clodovil<\/a><\/p>\n<p data-start=\"1480\" data-end=\"2017\">Ana Hickmann sustenta que Alexandre Correa, com poss\u00edvel participa\u00e7\u00e3o da ex-assessora Cl\u00e1udia Helena dos Santos, teria falsificado dezenas de assinaturas em contratos de empr\u00e9stimos e outros documentos, sem o conhecimento ou autoriza\u00e7\u00e3o dela.<\/p>\n<p data-start=\"1480\" data-end=\"2017\">As opera\u00e7\u00f5es teriam sido realizadas em nome da apresentadora e de empresas como a Hickmann Servi\u00e7os Ltda. Um inqu\u00e9rito foi instaurado no Departamento Estadual de Investiga\u00e7\u00f5es Criminais de S\u00e3o Paulo, que j\u00e1 havia confirmado falsifica\u00e7\u00f5es em ao menos dez assinaturas.<\/p>\n<p data-start=\"2019\" data-end=\"2312\">Ao longo de 2024 e 2025, laudos periciais particulares e judiciais apontaram irregularidades em contratos com bancos como Banco do Brasil, Ita\u00fa e Bradesco, o que resultou na suspens\u00e3o ou extin\u00e7\u00e3o de cobran\u00e7as de valores elevados, incluindo uma d\u00edvida de R$ 1,2 milh\u00e3o anulada em junho de 2025.<\/p>\n<p>Defesa de Alexandre Correa nega acusa\u00e7\u00f5es<\/p>\n<p><img decoding=\"async\" loading=\"lazy\" class=\"horizontal\" src=\"https:\/\/www.europesays.com\/pt\/wp-content\/uploads\/2025\/12\/alexandre-correa-se-manifesta-sobre-pedido-de-prisao_3705.jpeg\" alt=\"imagem-texto\"\/><\/p>\n<p data-start=\"2314\" data-end=\"2839\" data-is-last-node=\"\" data-is-only-node=\"\">A informa\u00e7\u00e3o divulgada nesta quarta-feira refere-se especificamente a um novo laudo pericial judicial em a\u00e7\u00e3o movida pelo Banco Safra contra empresa vinculada a Ana , relacionada a um empr\u00e9stimo firmado em 2020.<\/p>\n<p data-start=\"2314\" data-end=\"2839\" data-is-last-node=\"\" data-is-only-node=\"\">A perita respons\u00e1vel concluiu que as assinaturas atribu\u00eddas \u00e0 apresentadora apresentam inconsist\u00eancias t\u00e9cnicas, levando o juiz do caso a suspender temporariamente a cobran\u00e7a. A defesa de Alexandre Correa segue negando as acusa\u00e7\u00f5es e sustenta que Ana Hickmann tinha conhecimento das opera\u00e7\u00f5es financeiras.<\/p>\n","protected":false},"excerpt":{"rendered":"A equipe da apresentadora Ana Hickmann informou nesta quarta-feira (17) que um laudo pericial judicial identificou falsifica\u00e7\u00e3o em&hellip;\n","protected":false},"author":2,"featured_media":192865,"comment_status":"","ping_status":"","sticky":false,"template":"","format":"standard","meta":{"footnotes":""},"categories":[145],"tags":[14934,6500,211,210,114,115,32,33],"class_list":{"0":"post-192864","1":"post","2":"type-post","3":"status-publish","4":"format-standard","5":"has-post-thumbnail","7":"category-celebridades","8":"tag-alexandre-correa","9":"tag-ana-hickmann","10":"tag-celebridades","11":"tag-celebrities","12":"tag-entertainment","13":"tag-entretenimento","14":"tag-portugal","15":"tag-pt"},"share_on_mastodon":{"url":"https:\/\/pubeurope.com\/@pt\/115738324949867170","error":""},"_links":{"self":[{"href":"https:\/\/www.europesays.com\/pt\/wp-json\/wp\/v2\/posts\/192864","targetHints":{"allow":["GET"]}}],"collection":[{"href":"https:\/\/www.europesays.com\/pt\/wp-json\/wp\/v2\/posts"}],"about":[{"href":"https:\/\/www.europesays.com\/pt\/wp-json\/wp\/v2\/types\/post"}],"author":[{"embeddable":true,"href":"https:\/\/www.europesays.com\/pt\/wp-json\/wp\/v2\/users\/2"}],"replies":[{"embeddable":true,"href":"https:\/\/www.europesays.com\/pt\/wp-json\/wp\/v2\/comments?post=192864"}],"version-history":[{"count":0,"href":"https:\/\/www.europesays.com\/pt\/wp-json\/wp\/v2\/posts\/192864\/revisions"}],"wp:featuredmedia":[{"embeddable":true,"href":"https:\/\/www.europesays.com\/pt\/wp-json\/wp\/v2\/media\/192865"}],"wp:attachment":[{"href":"https:\/\/www.europesays.com\/pt\/wp-json\/wp\/v2\/media?parent=192864"}],"wp:term":[{"taxonomy":"category","embeddable":true,"href":"https:\/\/www.europesays.com\/pt\/wp-json\/wp\/v2\/categories?post=192864"},{"taxonomy":"post_tag","embeddable":true,"href":"https:\/\/www.europesays.com\/pt\/wp-json\/wp\/v2\/tags?post=192864"}],"curies":[{"name":"wp","href":"https:\/\/api.w.org\/{rel}","templated":true}]}}