{"id":192905,"date":"2025-12-18T04:03:20","date_gmt":"2025-12-18T04:03:20","guid":{"rendered":"https:\/\/www.europesays.com\/pt\/192905\/"},"modified":"2025-12-18T04:03:20","modified_gmt":"2025-12-18T04:03:20","slug":"ha-uma-coisa-que-jorge-guerreiro-ainda-nao-fez-desde-que-saiu-do-big-brother-famosos-por-minha-culpa","status":"publish","type":"post","link":"https:\/\/www.europesays.com\/pt\/192905\/","title":{"rendered":"H\u00e1 uma coisa que Jorge Guerreiro ainda n\u00e3o fez desde que saiu do &#8220;Big Brother Famosos&#8221;: &#8220;Por minha culpa&#8221;"},"content":{"rendered":"<p><a href=\"https:\/\/selfie.iol.pt\/famosos\/jorge-guerreiro\/apos-passagem-pelo-big-brother-famosos-jorge-guerreiro-alcanca-marca-surreal-mais-de-100\/20251216\/69413cced34e2bd5c6d52750\" target=\"_blank\" rel=\"nofollow noopener\">Jorge Guerreiro<\/a> conquistou o segundo lugar do &#8220;Big Brother Famosos&#8221;, da TVI, que foi para o ar em 2022. Desde ent\u00e3o, o cantor ainda n\u00e3o conseguiu tirar f\u00e9rias, fruto da visibilidade alcan\u00e7ada no formato e consequentes convites de trabalho.<\/p>\n<p>&#8220;Ainda n\u00e3o tive f\u00e9rias, n\u00e3o paro. Por minha culpa, porque posso &#8216;congelar&#8217; datas, mas acabo por arrastar e prev\u00ea-se um ano de 2026 muito bom, com muito trabalho. Vou estar nos Estados Unidos da Am\u00e9rica, no Canad\u00e1&#8221;, come\u00e7ou por dizer o artista \u00e0 imprensa, \u00e0 margem da emiss\u00e3o especial &#8220;H\u00e1 Festa no Hospital&#8221;, que se realizou no passado dia 9, no Hospital Dona Estef\u00e2nia.<\/p>\n<p>&#8220;A minha m\u00e3e agradece. &#8216;Levem-nos dois meses para a Austr\u00e1lia, se poss\u00edvel'&#8221;, comentou, \u00e0s gargalhadas.<\/p>\n<p>&#8220;N\u00e3o gosto de marcar coisas com muita anteced\u00eancia, porque penso assim: &#8216;E se aparece alguma coisa naquela altura?&#8217;. E n\u00e3o falo s\u00f3 a n\u00edvel de trabalho. Tenho de ir de f\u00e9rias, sim, mas ser\u00e3o marcadas na v\u00e9spera&#8221;, disse, ainda, Jorge Guerreiro.<\/p>\n<p>&#8220;Eu sou muito estranho, um caso de estudo. Quando estou cheio de trabalho, como no ver\u00e3o, em que trabalho todos os dias, sinto que preciso mesmo de descansar. S\u00e3o muitos quil\u00f3metros, concertos&#8230; \u00c9 muito cansativo! Nessa altura, penso que tenho mesmo de parar. Chega o inverno e, como as coisas acalmam &#8211; de concertos di\u00e1rios passa para concertos aos fins de semana -, parece que fico uma pessoa diferente e j\u00e1 n\u00e3o penso em f\u00e9rias. Mas todos n\u00f3s precisamos de descansar e de desligar. A verdade \u00e9 que me vou deixando levar e pronto&#8221;, rematou o cantor.<\/p>\n","protected":false},"excerpt":{"rendered":"Jorge Guerreiro conquistou o segundo lugar do &#8220;Big Brother Famosos&#8221;, da TVI, que foi para o ar em&hellip;\n","protected":false},"author":2,"featured_media":192906,"comment_status":"","ping_status":"","sticky":false,"template":"","format":"standard","meta":{"footnotes":""},"categories":[142],"tags":[48,3331,1710,114,115,741,980,16216,619,32,33,1014,1012,151,162],"class_list":{"0":"post-192905","1":"post","2":"type-post","3":"status-publish","4":"format-standard","5":"has-post-thumbnail","7":"category-tv","8":"tag-big-brother","9":"tag-big-brother-famosos","10":"tag-cantor","11":"tag-entertainment","12":"tag-entretenimento","13":"tag-entrevista","14":"tag-famosos","15":"tag-jorge-guerreiro","16":"tag-nacional","17":"tag-portugal","18":"tag-pt","19":"tag-reality-show","20":"tag-selfie","21":"tag-tv","22":"tag-tvi"},"share_on_mastodon":{"url":"https:\/\/pubeurope.com\/@pt\/115738588150875712","error":""},"_links":{"self":[{"href":"https:\/\/www.europesays.com\/pt\/wp-json\/wp\/v2\/posts\/192905","targetHints":{"allow":["GET"]}}],"collection":[{"href":"https:\/\/www.europesays.com\/pt\/wp-json\/wp\/v2\/posts"}],"about":[{"href":"https:\/\/www.europesays.com\/pt\/wp-json\/wp\/v2\/types\/post"}],"author":[{"embeddable":true,"href":"https:\/\/www.europesays.com\/pt\/wp-json\/wp\/v2\/users\/2"}],"replies":[{"embeddable":true,"href":"https:\/\/www.europesays.com\/pt\/wp-json\/wp\/v2\/comments?post=192905"}],"version-history":[{"count":0,"href":"https:\/\/www.europesays.com\/pt\/wp-json\/wp\/v2\/posts\/192905\/revisions"}],"wp:featuredmedia":[{"embeddable":true,"href":"https:\/\/www.europesays.com\/pt\/wp-json\/wp\/v2\/media\/192906"}],"wp:attachment":[{"href":"https:\/\/www.europesays.com\/pt\/wp-json\/wp\/v2\/media?parent=192905"}],"wp:term":[{"taxonomy":"category","embeddable":true,"href":"https:\/\/www.europesays.com\/pt\/wp-json\/wp\/v2\/categories?post=192905"},{"taxonomy":"post_tag","embeddable":true,"href":"https:\/\/www.europesays.com\/pt\/wp-json\/wp\/v2\/tags?post=192905"}],"curies":[{"name":"wp","href":"https:\/\/api.w.org\/{rel}","templated":true}]}}