{"id":192911,"date":"2025-12-18T04:14:19","date_gmt":"2025-12-18T04:14:19","guid":{"rendered":"https:\/\/www.europesays.com\/pt\/192911\/"},"modified":"2025-12-18T04:14:19","modified_gmt":"2025-12-18T04:14:19","slug":"influenciadora-ja-desistiu-de-comprar-mansao-de-r-9-milhoes-por-causa-do-ex","status":"publish","type":"post","link":"https:\/\/www.europesays.com\/pt\/192911\/","title":{"rendered":"Influenciadora j\u00e1 desistiu de comprar mans\u00e3o de R$ 9 milh\u00f5es por causa do ex"},"content":{"rendered":"<p><strong>Rafa Kalimann<\/strong> (32) chegou a negociar a compra de uma mans\u00e3o avaliada em cerca de R$ 9 milh\u00f5es no Itanhang\u00e1, na Zona Oeste do Rio de Janeiro, mas acabou desistindo do neg\u00f3cio por um motivo inusitado: o im\u00f3vel ficaria pr\u00f3ximo \u00e0 casa de <strong>Jos\u00e9 Loreto<\/strong> (41), seu ent\u00e3o ex-namorado. O epis\u00f3dio aconteceu em 2023, pouco depois do <a href=\"https:\/\/caras.com.br\/atualidades\/namoro-de-rafa-kalimann-e-jose-loreto-chega-ao-fim-diz-colunista.phtml\" rel=\"nofollow noopener\" target=\"_blank\">fim do relacionamento entre os dois<\/a>, e marcou uma fase de mudan\u00e7as profundas na vida da influenciadora.<\/p>\n<p>\u00c0 \u00e9poca, Rafa j\u00e1 conversava havia meses com os propriet\u00e1rios do im\u00f3vel e planejava se mudar para a regi\u00e3o. No entanto, o t\u00e9rmino com o ator, anunciado em janeiro daquele ano, fez com que ela repensasse os planos. Loreto havia constru\u00eddo sua casa no mesmo bairro, o que levou a comunicadora a decidir procurar outro endere\u00e7o, longe do ex. Em entrevistas, ela afirmou que a mudan\u00e7a de casa fazia parte de um processo maior de renova\u00e7\u00e3o pessoal e profissional.<\/p>\n<p><strong>Leia tamb\u00e9m:<\/strong> <a href=\"https:\/\/caras.com.br\/datas-especiais\/unica-casa-em-sao-paulo-de-artista-que-faria-118-anos-esta-a-venda-por-r-15-milhoes.phtml\" rel=\"nofollow noopener\" target=\"_blank\">\u00danica casa em S\u00e3o Paulo de artista que faria 118 anos est\u00e1 \u00e0 venda por R$ 15 milh\u00f5es<\/a><\/p>\n<p>\u201cVirei o ano e vi que a \u00fanica coisa que precisa ficar \u00e9 a Rafa. Mudei tudo: equipe, rela\u00e7\u00f5es, casa, relacionamento. Eu precisava olhar para quem caminha com o mesmo prop\u00f3sito que o meu\u201d, disse ela, ao comentar a fase de recome\u00e7o. Na mesma \u00e9poca, Rafa foi flagrada aos beijos com o empres\u00e1rio <strong>Antonio Bernardo Palhares<\/strong>, enquanto Jos\u00e9 Loreto chegou a deixar de segui-la nas redes sociais.<\/p>\n<p>O namoro de Rafa Kalimann e Jos\u00e9 Loreto foi assumido em agosto de 2022, ap\u00f3s os dois serem vistos juntos no Rio de Janeiro. O romance come\u00e7ou depois da participa\u00e7\u00e3o de ambos no Doming\u00e3o com Huck, da TV Globo, e chegou a incluir uma contracena\u00e7\u00e3o na novela Vai na F\u00e9. A decis\u00e3o pelo t\u00e9rmino, segundo o jornalista Lucas Pasin na \u00e9poca, partiu dela, que queria priorizar a carreira.<\/p>\n<p> <img loading=\"lazy\" decoding=\"async\" class=\"size-full wp-image-803320 img-fluid lazy\" alt=\"Jos\u00e9 Loreto e Rafa Kalimann\" width=\"1920\" height=\"1080\" src=\"https:\/\/www.europesays.com\/pt\/wp-content\/uploads\/2025\/12\/jose-loreto-e-rafa-kalimann-.jpg\"\/>Jos\u00e9 Loreto e Rafa Kalimann \u2013 Foto: Globo \/ Paulo Belote Mans\u00e3o e cobertura <\/p>\n<p>Em fevereiro de 2024, Rafa Kalimann mostrou aos seguidores das redes sociais alguns detalhes de<a href=\"https:\/\/caras.com.br\/casa-dos-famosos\/rafa-kalimann-mostra-detalhes-de-sua-nova-cobertura-luxuosa-no-rio.phtml\" rel=\"nofollow noopener\" target=\"_blank\"> sua nova cobertura na Barra da Tijuca<\/a>, no Rio de Janeiro. Na ocasi\u00e3o, o im\u00f3vel ainda estava em fase final de montagem e ela aguardava a chegada dos m\u00f3veis para concluir a decora\u00e7\u00e3o. Nas imagens publicadas, Rafa exibiu duas salas amplas, piscina e uma \u00e1rea de lazer pensada para receber amigos, al\u00e9m da vista para o mar a partir de um dos ambientes.<\/p>\n<p>Morando no Rio de Janeiro h\u00e1 cerca de tr\u00eas anos na \u00e9poca, a influenciadora explicou que a paisagem foi decisiva para fechar o neg\u00f3cio. \u201cFui conhecer o mar muito tarde, aos 15 anos. Ao mesmo tempo que foi tardio, pude sentir e registrar cada emo\u00e7\u00e3o. Sempre sonhei em morar de frente para o mar. \u00c9 uma conquista absurda para mim\u201d, contou a atriz.<\/p>\n<p>A ex-BBB tamb\u00e9m revelou que voltava a morar sozinha ap\u00f3s 11 anos. \u201cQuando vim para o Rio, minha fam\u00edlia veio comigo. Meus primos estavam aqui para me ajudar e agora v\u00e3o retornar para as casas deles. Inclusive, esse foi um dos motivos para a mudan\u00e7a, j\u00e1 que eu morava em uma casa muito grande\u201d, explicou. Segundo Rafa, o novo apartamento n\u00e3o exigia obras ou reformas.<\/p>\n<p><img loading=\"lazy\" decoding=\"async\" alt=\"Rafa Kalimann mostra nova cobertura. Foto: Reprodu\u00e7\u00e3o \/ Instagram\" class=\"img-fluid lazy\" src=\"https:\/\/www.europesays.com\/pt\/wp-content\/uploads\/2025\/12\/captura-de-tela-2024-02-02-144422.png\" width=\"768\" height=\"512\"\/><\/p>\n<p>Antes de sua cobertura na Barra da Tijuca, Rafa Kalimann vivia em uma mans\u00e3o alugada na praia do Leblon, tamb\u00e9m no Rio de Janeiro. Segundo o Gshow, na \u00e9poca, o im\u00f3vel tinha di\u00e1rias de R$ 6,9 mil, cinco andares, quatro alas, cinco quartos com quatro su\u00edtes e 6 banheiros, al\u00e9m de uma vista surreal para a praia do Leblon e para o Cristo Redentor.<\/p>\n<p class=\"content-text__container\" data-track-category=\"Link no Texto\" data-track-links=\"\" data-mrf-recirculation=\"Artigo - Link No Texto\">Dos cinco andares, dois s\u00e3o subterr\u00e2neos. Segundo a imobili\u00e1ria que aluga mans\u00f5es de luxo na cidade, o im\u00f3vel fica em dois edif\u00edcios separados. A casa principal fica a su\u00edte master, espa\u00e7os sociais e de lazer, al\u00e9m de ser equipada com diversos itens necess\u00e1rios para o dia a dia.<\/p>\n<p class=\"content-text__container\" data-track-category=\"Link no Texto\" data-track-links=\"\" data-mrf-recirculation=\"Artigo - Link No Texto\">A gigante sala de estar possui at\u00e9 obras de arte. E tem sala de cinema composta por tecnologia de ponta e elevador, que \u201cproporciona movimento cont\u00ednuo entre os quartos\u201d, diz a descri\u00e7\u00e3o. O segundo edif\u00edcio abriga tr\u00eas su\u00edtes adicionais com vista para o mar e acesso a um segundo deck, equipado com churrasqueira e caminho privativo que leva para a praia. A \u00e1rea de jantar, com capacidade para 12 pessoas, oferece um cen\u00e1rio natural deslumbrante com vista para o mar.<\/p>\n<p>     <img loading=\"lazy\" decoding=\"async\" class=\"size-medium wp-image-1046103 img-fluid lazy\" alt=\"Um dos quartos da mans\u00e3o que Rafa Kalimann alugou no Leblon em 2024 \u2014 Foto_ Divulga\u00e7\u00e3o\" width=\"406\" height=\"228\" src=\"https:\/\/caras.com.br\/wp-content\/uploads\/2025\/12\/Um-dos-quartos-da-mansao-que-Rafa-Kalimann-alugou-no-Leblon-em-2024-\u2014-Foto_-Divulgacao-406x228.jpg\"  \/>Um dos quartos da mans\u00e3o que Rafa Kalimann alugou no Leblon em 2024 \u2014 Foto_ Divulga\u00e7\u00e3o       Carreira <\/p>\n<p>Nascida em Campina Verde, no interior de Minas Gerais, Rafa Kalimann ganhou proje\u00e7\u00e3o nacional ao participar do Big Brother Brasil 20, em 2020, quando ficou com o segundo lugar. Desde ent\u00e3o, consolidou-se como uma das principais influenciadoras do pa\u00eds, ampliando sua atua\u00e7\u00e3o para a televis\u00e3o, o cinema e o empreendedorismo. Na Globo, apresentou o Casa Kalimann, comandou o Bate-Papo BBB e integrou o elenco da s\u00e9rie Rensga Hits!.<\/p>\n<p>Al\u00e9m da carreira art\u00edstica, Rafa tamb\u00e9m se destaca por seu trabalho social. Embaixadora da Miss\u00e3o \u00c1frica desde 2013, ela participa de a\u00e7\u00f5es humanit\u00e1rias em Mo\u00e7ambique e apoia projetos voltados \u00e0 inclus\u00e3o social e \u00e0 preserva\u00e7\u00e3o ambiental. Em 2024, a influenciadora voltou aos holofotes ao estrear na novela Fam\u00edlia \u00e9 Tudo e ao compartilhar publicamente um epis\u00f3dio delicado de sua vida pessoal, ao revelar<a href=\"https:\/\/caras.com.br\/bebe\/rafa-kalimann-revela-que-perdeu-bebe-no-inicio-da-gestacao-dor-profunda.phtml\" rel=\"nofollow noopener\" target=\"_blank\"> ter sofrido um aborto espont\u00e2neo.<\/a><\/p>\n<p>Atualmente, Rafa Kalimann vive um relacionamento com o cantor <strong>Nattan<\/strong> (27). Os dois est\u00e3o juntos<a href=\"https:\/\/caras.com.br\/datas-especiais\/rafa-kalimann-e-nattan-celebram-um-ano-do-primeiro-encontro-fotos.phtml\" rel=\"nofollow noopener\" target=\"_blank\"> desde dezembro do ano passado<\/a> e esperam um filho.<\/p>\n<p> Confira a publica\u00e7\u00e3o mais recente de Rafa Kalimann mostrando a barriga ao lado do afilhado: <\/p>\n<blockquote class=\"instagram-media\" style=\"background: #FFF; border: 0; border-radius: 3px; box-shadow: 0 0 1px 0 rgba(0,0,0,0.5),0 1px 10px 0 rgba(0,0,0,0.15); margin: 1px; max-width: 540px; min-width: 326px; padding: 0; width: calc(100% - 2px);\" data-instgrm-captioned=\"\" data-instgrm-permalink=\"https:\/\/www.instagram.com\/p\/DSXvCB8EWtB\/?utm_source=ig_embed&amp;utm_campaign=loading\" data-instgrm-version=\"14\"><\/blockquote>\n<p>\t                                            <script async src=\"\/\/www.instagram.com\/embed.js\"><\/script><\/p>\n","protected":false},"excerpt":{"rendered":"Rafa Kalimann (32) chegou a negociar a compra de uma mans\u00e3o avaliada em cerca de R$ 9 milh\u00f5es&hellip;\n","protected":false},"author":2,"featured_media":192912,"comment_status":"","ping_status":"","sticky":false,"template":"","format":"standard","meta":{"footnotes":""},"categories":[145],"tags":[211,210,114,115,32,33,2612],"class_list":{"0":"post-192911","1":"post","2":"type-post","3":"status-publish","4":"format-standard","5":"has-post-thumbnail","7":"category-celebridades","8":"tag-celebridades","9":"tag-celebrities","10":"tag-entertainment","11":"tag-entretenimento","12":"tag-portugal","13":"tag-pt","14":"tag-rafa-kalimann"},"share_on_mastodon":{"url":"https:\/\/pubeurope.com\/@pt\/115738632071628249","error":""},"_links":{"self":[{"href":"https:\/\/www.europesays.com\/pt\/wp-json\/wp\/v2\/posts\/192911","targetHints":{"allow":["GET"]}}],"collection":[{"href":"https:\/\/www.europesays.com\/pt\/wp-json\/wp\/v2\/posts"}],"about":[{"href":"https:\/\/www.europesays.com\/pt\/wp-json\/wp\/v2\/types\/post"}],"author":[{"embeddable":true,"href":"https:\/\/www.europesays.com\/pt\/wp-json\/wp\/v2\/users\/2"}],"replies":[{"embeddable":true,"href":"https:\/\/www.europesays.com\/pt\/wp-json\/wp\/v2\/comments?post=192911"}],"version-history":[{"count":0,"href":"https:\/\/www.europesays.com\/pt\/wp-json\/wp\/v2\/posts\/192911\/revisions"}],"wp:featuredmedia":[{"embeddable":true,"href":"https:\/\/www.europesays.com\/pt\/wp-json\/wp\/v2\/media\/192912"}],"wp:attachment":[{"href":"https:\/\/www.europesays.com\/pt\/wp-json\/wp\/v2\/media?parent=192911"}],"wp:term":[{"taxonomy":"category","embeddable":true,"href":"https:\/\/www.europesays.com\/pt\/wp-json\/wp\/v2\/categories?post=192911"},{"taxonomy":"post_tag","embeddable":true,"href":"https:\/\/www.europesays.com\/pt\/wp-json\/wp\/v2\/tags?post=192911"}],"curies":[{"name":"wp","href":"https:\/\/api.w.org\/{rel}","templated":true}]}}