{"id":192915,"date":"2025-12-18T04:22:22","date_gmt":"2025-12-18T04:22:22","guid":{"rendered":"https:\/\/www.europesays.com\/pt\/192915\/"},"modified":"2025-12-18T04:22:22","modified_gmt":"2025-12-18T04:22:22","slug":"foto-sosia-de-sergio-ramos-assombrou-o-barca-na-taca-do-rei","status":"publish","type":"post","link":"https:\/\/www.europesays.com\/pt\/192915\/","title":{"rendered":"FOTO: s\u00f3sia de Sergio Ramos \u00abassombrou\u00bb o Bar\u00e7a na Ta\u00e7a do Rei"},"content":{"rendered":"<p>O <a href=\"https:\/\/maisfutebol.iol.pt\/espanha\/barcelona\/video-barcelona-vence-equipa-do-terceiro-escalao-e-avanca-na-taca\" rel=\"nofollow noopener\" target=\"_blank\">Barcelona venceu o modesto Guadalajara<\/a>, na passada ter\u00e7a-feira, por 2-0, em jogo da Ta\u00e7a do Rei, mas o jogo ficou marcado por um grande plano da emiss\u00e3o televisiva que mostra o rosto de um jogador da equipa do terceiro escal\u00e3o do futebol espanhol que, em dois tempos, tornou-se viral nas redes sociais, ainda com o jogo de decorrer.<\/p>\n<p>Aconteceu ao minuto 19, quando a emiss\u00e3o fechou a imagem no rosto de Borja D\u00edaz que tem uma perturbadora semelhan\u00e7a com Sergio Ramos, antigo central do Real Madrid que anunciou, h\u00e1 poucos dias, que <a href=\"https:\/\/maisfutebol.iol.pt\/internacional\/sergio-ramos\/sergio-ramos-confirma-saida-foi-o-meu-ultimo-jogo-no-mexico\" rel=\"nofollow noopener\" target=\"_blank\">est\u00e1 de sa\u00edda dos mexicanos do Monterrey<\/a>.<\/p>\n<p>Ainda com o jogo a decorrer, a imagem multiplicou-se em in\u00fameras publica\u00e7\u00f5es nas redes sociais, com muitos adeptos a perguntarem se Sergio Ramos tinha regressado do M\u00e9xico.<\/p>\n<p>A verdade \u00e9 que Borja D\u00edaz \u00e9 tremendamente parecido com o antigo campe\u00e3o do Mundo, mas sem tatuagens, al\u00e9m de ser quatro anos mais novo e jogar como m\u00e9dio ofensivo ou extremo.<\/p>\n<p><strong>Descubra as diferen\u00e7as:<\/strong><\/p>\n<blockquote class=\"twitter-tweet\">\n<p lang=\"es\">La ressemblance \ud835\udde7\ud835\udde5\ud835\udde2\ud835\udde8\ud835\uddd5\ud835\udddf\ud835\uddd4\ud835\udde1\ud835\udde7\ud835\uddd8 entre Borja D\u00edaz \ud83c\uddea\ud83c\uddf8, joueur de Guadalajara et Sergio Ramos \ud83c\uddea\ud83c\uddf8. \ud83d\ude33 <a href=\"https:\/\/t.co\/8x2MrsOPxd\" rel=\"nofollow\">pic.twitter.com\/8x2MrsOPxd<\/a><\/p>\n<p> \u2014 Actu Foot (@ActuFoot_)<br \/>\n  <a href=\"https:\/\/twitter.com\/ActuFoot_\/status\/2001259870352531526?ref_src=twsrc%5Etfw\" rel=\"nofollow noopener\" target=\"_blank\">December 17, 2025<\/a>\n <\/p><\/blockquote>\n<p>                                <script async src=\"https:\/\/platform.twitter.com\/widgets.js\" charset=\"utf-8\"><\/script><\/p>\n","protected":false},"excerpt":{"rendered":"O Barcelona venceu o modesto Guadalajara, na passada ter\u00e7a-feira, por 2-0, em jogo da Ta\u00e7a do Rei, mas&hellip;\n","protected":false},"author":2,"featured_media":192916,"comment_status":"","ping_status":"","sticky":false,"template":"","format":"standard","meta":{"footnotes":""},"categories":[87],"tags":[1235,38748,135,640,38747,4238,82,46,32,33,47,21820,18730,38749,134],"class_list":{"0":"post-192915","1":"post","2":"type-post","3":"status-publish","4":"format-standard","5":"has-post-thumbnail","7":"category-desporto","8":"tag-barcelona","9":"tag-borja-diaz","10":"tag-desporto","11":"tag-espanha","12":"tag-guadalajara","13":"tag-incrivel","14":"tag-internacional","15":"tag-maisfutebol","16":"tag-portugal","17":"tag-pt","18":"tag-pura-paixao","19":"tag-sergio-ramos","20":"tag-sosia","21":"tag-sosia-de-sergio-ramos","22":"tag-sports"},"share_on_mastodon":{"url":"https:\/\/pubeurope.com\/@pt\/115738662977427864","error":""},"_links":{"self":[{"href":"https:\/\/www.europesays.com\/pt\/wp-json\/wp\/v2\/posts\/192915","targetHints":{"allow":["GET"]}}],"collection":[{"href":"https:\/\/www.europesays.com\/pt\/wp-json\/wp\/v2\/posts"}],"about":[{"href":"https:\/\/www.europesays.com\/pt\/wp-json\/wp\/v2\/types\/post"}],"author":[{"embeddable":true,"href":"https:\/\/www.europesays.com\/pt\/wp-json\/wp\/v2\/users\/2"}],"replies":[{"embeddable":true,"href":"https:\/\/www.europesays.com\/pt\/wp-json\/wp\/v2\/comments?post=192915"}],"version-history":[{"count":0,"href":"https:\/\/www.europesays.com\/pt\/wp-json\/wp\/v2\/posts\/192915\/revisions"}],"wp:featuredmedia":[{"embeddable":true,"href":"https:\/\/www.europesays.com\/pt\/wp-json\/wp\/v2\/media\/192916"}],"wp:attachment":[{"href":"https:\/\/www.europesays.com\/pt\/wp-json\/wp\/v2\/media?parent=192915"}],"wp:term":[{"taxonomy":"category","embeddable":true,"href":"https:\/\/www.europesays.com\/pt\/wp-json\/wp\/v2\/categories?post=192915"},{"taxonomy":"post_tag","embeddable":true,"href":"https:\/\/www.europesays.com\/pt\/wp-json\/wp\/v2\/tags?post=192915"}],"curies":[{"name":"wp","href":"https:\/\/api.w.org\/{rel}","templated":true}]}}