{"id":192936,"date":"2025-12-18T04:51:18","date_gmt":"2025-12-18T04:51:18","guid":{"rendered":"https:\/\/www.europesays.com\/pt\/192936\/"},"modified":"2025-12-18T04:51:18","modified_gmt":"2025-12-18T04:51:18","slug":"cfo-do-benfica-detalha-como-vai-crescer-a-luz-ate-alcancar-os-80-mil-lugares","status":"publish","type":"post","link":"https:\/\/www.europesays.com\/pt\/192936\/","title":{"rendered":"CFO do Benfica detalha como vai crescer a Luz at\u00e9 alcan\u00e7ar os 80 mil lugares"},"content":{"rendered":"<p>Nuno Catarino, vice-presidente e CFO do Benfica, deu nesta ter\u00e7a-feira mais detalhes acerca do plano de expans\u00e3o do Est\u00e1dio da Luz e da constru\u00e7\u00e3o do Benfica District, obras a concretizar at\u00e9 2029.<\/p>\n<p>Numa sess\u00e3o de esclarecimento realizada em Faro, no Campus da Penha da Universidade do Algarve, o dirigente do clube encarnado explicou por onde passar\u00e1 a amplia\u00e7\u00e3o da Luz para os 80 mil lugares, sendo que parte desse projeto j\u00e1 est\u00e1 em marcha e permitiu o aumento da lota\u00e7\u00e3o dos 65 mil espectadores para os 68 mil atuais.<\/p>\n<p>\u00ab\u00c9 uma informa\u00e7\u00e3o que nunca veicul\u00e1mos desta forma\u00bb, come\u00e7ou por dizer. \u00abUma parte passa pela remodela\u00e7\u00e3o do piso 1, que implica aumentar o conjunto de filas desse piso. Permite fazer novas filas e tem v\u00e1rias implica\u00e7\u00f5es de interven\u00e7\u00e3o para tr\u00e1s, mas que \u00e9 poss\u00edvel fazer. H\u00e1 um segundo passo que passa por rebaixar o relvado. \u00c9 poss\u00edvel fazer porque \u00e9 terra \u00e9 d\u00e1 para rebaixar e fazer um conjunto de filas para o est\u00e1dio ficar mais \u00e0 inglesa, com as pessoas ainda mais perto do campo. Isso d\u00e1 para aumentar mais uns milhares de lugares\u00bb, revelou.<\/p>\n<p>Nuno Catarino explicou que o passo seguinte depende da legisla\u00e7\u00e3o portuguesa, que ainda n\u00e3o autoriza o chamado \u00absafe standing\u00bb (lugares em p\u00e9). \u00abH\u00e1 um terceiro passo, que temos vindo a trabalhar do ponto de vista jur\u00eddico e de seguran\u00e7a, que \u00e9 criar algumas \u00e1rea da chamada safe standing: em alguns setores do piso 0 as pessoas poderem estar de p\u00e9, como fazem os clubes alem\u00e3es, que s\u00e3o quem tem isto mais desenvolvido. \u00c9 poss\u00edvel fazer e j\u00e1 temos alguns pedidos para come\u00e7ar a fazer testes para esta \u00e1rea. Infelizmente, a legisla\u00e7\u00e3o em Portugal n\u00e3o \u00e9 f\u00e1cil. O legislador, t\u00edpico portugu\u00eas, em vez de copiar coisas que funcionam, p\u00f4s-se a copiar coisas de v\u00e1rios s\u00edtios e aquilo ficou uma manta de retalhos. Mas estamos plenamente convencidos de que em alguns setores e poss\u00edvel faz\u00ea-lo em condi\u00e7\u00f5es de seguran\u00e7a e que vai funcionar e melhorar o ambiente de est\u00e1dio.\u00bb<\/p>\n<p>O \u00faltimo passo do plano de expans\u00e3o, que permitir\u00e1 que a Luz tenha capacidade para 80 mil espectadores antes do Mundial 2030, que vai realizar-se em Espanha, Portugal e Marrocos, vai estar permitir que o recinto cres\u00e7a para cima. \u00abQuando se fizer o refor\u00e7o para a cobertura do est\u00e1dio, vai ter de se fazer o refor\u00e7o da estrutura por fora e isso permite aumentar um conjunto de filas na parte de tr\u00e1s do est\u00e1dio. Naquela zona em que se v\u00ea para fora e que est\u00e3o por preencher na parte superior.\u00bb<\/p>\n<p><img loading=\"lazy\" decoding=\"async\" alt=\"\" height=\"340\" src=\"https:\/\/www.europesays.com\/pt\/wp-content\/uploads\/2025\/12\/69429958d34e2bd5c6d53481.webp\" width=\"650\"\/><\/p>\n<p>O CFO do Benfica esclareceu que as obras no est\u00e1dio n\u00e3o v\u00e3o parar a opera\u00e7\u00e3o do recinto. Ou seja: os encarnados continuar\u00e3o a jogar em casa, at\u00e9 porque a empreitada ser\u00e1 realizada entre os meses de maio e agosto, tal como aconteceu recentemente no \u00faltimo aumento de lota\u00e7\u00e3o.<\/p>\n<p>A amplia\u00e7\u00e3o do Est\u00e1dio da Luz ter\u00e1 um custo estimado de 75 milh\u00f5es de euros, sendo que parte desse valor j\u00e1 foi alocado em duas fases de expans\u00e3o j\u00e1 realizadas. \u00abD\u00e1 mais ou menos um custo de 7 mil euros por cada lugar, que est\u00e1 bastante enquadrado com o que tem sido o custo internacional aceite para este tipo de interven\u00e7\u00f5es.\u00bb<\/p>\n<p>Paralelamente \u00e0 amplia\u00e7\u00e3o, cria\u00e7\u00e3o da nova cobertura e \u00e0 remodela\u00e7\u00e3o da fachada da Luz vai nascer o Benfica District, or\u00e7ado em 220 milh\u00f5es de euros. As primeiras demoli\u00e7\u00f5es de estruturas atuais est\u00e3o previstas para 2027 e as obras ser\u00e3o iniciadas em 2028. At\u00e9 \u00e0 abertura gradual de novos espa\u00e7os, que acontecer\u00e1 antes da inaugura\u00e7\u00e3o oficiais do espa\u00e7o (previsto para o final de 2029), as modalidades do clube ter\u00e3o de treinar e jogar em casa emprestadas. Nesse sentido, ser\u00e3o estabelecidos protocolos com pavilh\u00f5es de Lisoa e periferia. Os servi\u00e7os do clube (loja, atendimento aos s\u00f3cios e outros servi\u00e7os) ser\u00e3o prestados em estruturas tempor\u00e1rias.<\/p>\n<p>  <img loading=\"lazy\" decoding=\"async\" alt=\"\" height=\"333\" src=\"https:\/\/www.europesays.com\/pt\/wp-content\/uploads\/2025\/12\/69429958d34e2bd5c6d5347f.webp\" width=\"650\"\/> <\/p>\n<p>   Custo do Benfica District e aloca\u00e7\u00e3o do valor (em percentagem) a cada um dos espa\u00e7os novos. Fachada do est\u00e1dio e espa\u00e7os comuns e arena (com capacidade para 10 mil lugares) v\u00e3o absorver mais de metade dos custos. <\/p>\n<p>O projeto do Benfica District ainda ter\u00e1 de ser aprovado pelos s\u00f3cios em <a href=\"https:\/\/maisfutebol.iol.pt\/benfica\/benfica-district\/benfica-convoca-ag-extraordinaria-para-apreciacao-do-benfica-district\" rel=\"nofollow noopener\" target=\"_blank\"><strong>Assembleia-Geral Extraordin\u00e1ria marcada para 3 de janeiro de 2026<\/strong><\/a>.<\/p>\n<p><img loading=\"lazy\" decoding=\"async\" alt=\"\" height=\"325\" src=\"https:\/\/www.europesays.com\/pt\/wp-content\/uploads\/2025\/12\/69429958d34e3caad84c7b7d.webp\" width=\"650\"\/><\/p>\n","protected":false},"excerpt":{"rendered":"Nuno Catarino, vice-presidente e CFO do Benfica, deu nesta ter\u00e7a-feira mais detalhes acerca do plano de expans\u00e3o do&hellip;\n","protected":false},"author":2,"featured_media":174805,"comment_status":"","ping_status":"","sticky":false,"template":"","format":"standard","meta":{"footnotes":""},"categories":[87],"tags":[51,5047,135,46,18044,32,33,47,134],"class_list":{"0":"post-192936","1":"post","2":"type-post","3":"status-publish","4":"format-standard","5":"has-post-thumbnail","7":"category-desporto","8":"tag-benfica","9":"tag-benfica-district","10":"tag-desporto","11":"tag-maisfutebol","12":"tag-nuno-catarino","13":"tag-portugal","14":"tag-pt","15":"tag-pura-paixao","16":"tag-sports"},"share_on_mastodon":{"url":"https:\/\/pubeurope.com\/@pt\/115738777209822316","error":""},"_links":{"self":[{"href":"https:\/\/www.europesays.com\/pt\/wp-json\/wp\/v2\/posts\/192936","targetHints":{"allow":["GET"]}}],"collection":[{"href":"https:\/\/www.europesays.com\/pt\/wp-json\/wp\/v2\/posts"}],"about":[{"href":"https:\/\/www.europesays.com\/pt\/wp-json\/wp\/v2\/types\/post"}],"author":[{"embeddable":true,"href":"https:\/\/www.europesays.com\/pt\/wp-json\/wp\/v2\/users\/2"}],"replies":[{"embeddable":true,"href":"https:\/\/www.europesays.com\/pt\/wp-json\/wp\/v2\/comments?post=192936"}],"version-history":[{"count":0,"href":"https:\/\/www.europesays.com\/pt\/wp-json\/wp\/v2\/posts\/192936\/revisions"}],"wp:featuredmedia":[{"embeddable":true,"href":"https:\/\/www.europesays.com\/pt\/wp-json\/wp\/v2\/media\/174805"}],"wp:attachment":[{"href":"https:\/\/www.europesays.com\/pt\/wp-json\/wp\/v2\/media?parent=192936"}],"wp:term":[{"taxonomy":"category","embeddable":true,"href":"https:\/\/www.europesays.com\/pt\/wp-json\/wp\/v2\/categories?post=192936"},{"taxonomy":"post_tag","embeddable":true,"href":"https:\/\/www.europesays.com\/pt\/wp-json\/wp\/v2\/tags?post=192936"}],"curies":[{"name":"wp","href":"https:\/\/api.w.org\/{rel}","templated":true}]}}