{"id":193004,"date":"2025-12-18T08:00:24","date_gmt":"2025-12-18T08:00:24","guid":{"rendered":"https:\/\/www.europesays.com\/pt\/193004\/"},"modified":"2025-12-18T08:00:24","modified_gmt":"2025-12-18T08:00:24","slug":"oculos-inteligentes-da-meta-ja-tornam-as-conversas-mais-nitidas-em-ambientes-barulhentos-equipamentos","status":"publish","type":"post","link":"https:\/\/www.europesays.com\/pt\/193004\/","title":{"rendered":"\u00d3culos inteligentes da Meta j\u00e1 tornam as conversas mais n\u00edtidas em ambientes barulhentos &#8211; Equipamentos"},"content":{"rendered":"<p>De acordo com a tecnol\u00f3gica, a funcionalidade, anunciada durante a \u00faltima edi\u00e7\u00e3o <a href=\"https:\/\/tek.sapo.pt\/noticias\/computadores\/artigos\/meta-connect-mark-zuckerberg-revela-segunda-geracao-de-oculos-ray-ban-e-oakley\" rel=\"nofollow noopener\" target=\"_blank\">da confer\u00eancia Meta Connect<\/a>, <strong>recorre aos altifalantes integrados nos \u00f3culos para amplificar as vozes das pessoas com quem os utilizadores est\u00e3o a conversar.\u00a0<\/strong><\/p>\n<p><b data-stringify-type=\"bold\">N\u00e3o perca nenhuma not\u00edcia importante da atualidade de tecnologia e\u00a0<\/b><b data-stringify-type=\"bold\"><a class=\"c-link\" href=\"https:\/\/tek.sapo.pt\/\" target=\"_blank\" rel=\"noopener noreferrer nofollow\" data-stringify-link=\"https:\/\/tek.sapo.pt\/\" data-sk=\"tooltip_parent\">acompanhe tudo em tek.sapo.pt<\/a><\/b><\/p>\n<p>A Meta <a href=\"https:\/\/about.fb.com\/news\/2025\/12\/updates-to-meta-ai-glasses-conversation-focus-spotify-integration\/\" target=\"_blank\" rel=\"noopener noreferrer nofollow\">detalha que<\/a> <strong>\u00e9 poss\u00edvel ajustar o n\u00edvel de amplifica\u00e7\u00e3o das vozes<\/strong> ao passar com o dedo na extremidade direita dos \u00f3culos ou, ent\u00e3o, ao aceder das defini\u00e7\u00f5es da app que os acompanha.<\/p>\n<p>Mas esta n\u00e3o \u00e9 a \u00fanica novidade a caminho dos \u00f3culos inteligentes da empresa de Mark Zuckerberg. Atrav\u00e9s dos modelos desenvolvidos em parceria com a Ray-Ban e a Oakley, <strong>ser\u00e1 poss\u00edvel usar o Spotify para reproduzir m\u00fasicas que se enquadrem com o que est\u00e1 a ser visto.\u00a0<\/strong><\/p>\n<p>As novidades, que fazem parte da atualiza\u00e7\u00e3o de software v21, v\u00e3o come\u00e7ar a chegar aos utilizadores que fazem parte do programa de Early Access da Meta. <strong>Numa primeira fase, a funcionalidade de amplifica\u00e7\u00e3o de conversas vai estar dispon\u00edvel apenas para os utilizadores nos Estados Unidos e no Canad\u00e1.\u00a0<\/strong><\/p>\n<p><strong>J\u00e1 a op\u00e7\u00e3o desenvolvida com o Spotify vai estar dispon\u00edvel para j\u00e1 em ingl\u00eas num conjunto espec\u00edfico de mercados<\/strong> onde se incluem Austr\u00e1lia, \u00c1ustria, B\u00e9lgica, Brasil, Canad\u00e1, Dinamarca, Finl\u00e2ndia, Fran\u00e7a, Alemanha, \u00cdndia, Irlanda, It\u00e1lia, M\u00e9xico, Noruega, Espanha, Su\u00e9cia, Emirados \u00c1rabes Unidos, Reino Unido e Estados Unidos.<\/p>\n<p>Assine a\u00a0<a class=\"c-link\" href=\"https:\/\/teknoticias.us15.list-manage.com\/subscribe?u=9a06a5af5e9150806abc02bae&amp;id=ef9b27090d\" target=\"_blank\" rel=\"noopener noreferrer nofollow\" data-stringify-link=\"https:\/\/teknoticias.us15.list-manage.com\/subscribe?u=9a06a5af5e9150806abc02bae&amp;id=ef9b27090d\" data-sk=\"tooltip_parent\">newsletter do TEK Not\u00edcias<\/a>\u00a0e receba todos os dias as principais not\u00edcias de tecnologia na sua caixa de correio.<\/p>\n","protected":false},"excerpt":{"rendered":"De acordo com a tecnol\u00f3gica, a funcionalidade, anunciada durante a \u00faltima edi\u00e7\u00e3o da confer\u00eancia Meta Connect, recorre aos&hellip;\n","protected":false},"author":2,"featured_media":193005,"comment_status":"","ping_status":"","sticky":false,"template":"","format":"standard","meta":{"footnotes":""},"categories":[84],"tags":[109,107,108,32,33,105,103,104,106,110],"class_list":{"0":"post-193004","1":"post","2":"type-post","3":"status-publish","4":"format-standard","5":"has-post-thumbnail","7":"category-ciencia-e-tecnologia","8":"tag-ciencia","9":"tag-ciencia-e-tecnologia","10":"tag-cienciaetecnologia","11":"tag-portugal","12":"tag-pt","13":"tag-science","14":"tag-science-and-technology","15":"tag-scienceandtechnology","16":"tag-technology","17":"tag-tecnologia"},"share_on_mastodon":{"url":"https:\/\/pubeurope.com\/@pt\/115739520023326414","error":""},"_links":{"self":[{"href":"https:\/\/www.europesays.com\/pt\/wp-json\/wp\/v2\/posts\/193004","targetHints":{"allow":["GET"]}}],"collection":[{"href":"https:\/\/www.europesays.com\/pt\/wp-json\/wp\/v2\/posts"}],"about":[{"href":"https:\/\/www.europesays.com\/pt\/wp-json\/wp\/v2\/types\/post"}],"author":[{"embeddable":true,"href":"https:\/\/www.europesays.com\/pt\/wp-json\/wp\/v2\/users\/2"}],"replies":[{"embeddable":true,"href":"https:\/\/www.europesays.com\/pt\/wp-json\/wp\/v2\/comments?post=193004"}],"version-history":[{"count":0,"href":"https:\/\/www.europesays.com\/pt\/wp-json\/wp\/v2\/posts\/193004\/revisions"}],"wp:featuredmedia":[{"embeddable":true,"href":"https:\/\/www.europesays.com\/pt\/wp-json\/wp\/v2\/media\/193005"}],"wp:attachment":[{"href":"https:\/\/www.europesays.com\/pt\/wp-json\/wp\/v2\/media?parent=193004"}],"wp:term":[{"taxonomy":"category","embeddable":true,"href":"https:\/\/www.europesays.com\/pt\/wp-json\/wp\/v2\/categories?post=193004"},{"taxonomy":"post_tag","embeddable":true,"href":"https:\/\/www.europesays.com\/pt\/wp-json\/wp\/v2\/tags?post=193004"}],"curies":[{"name":"wp","href":"https:\/\/api.w.org\/{rel}","templated":true}]}}