{"id":193006,"date":"2025-12-18T08:02:10","date_gmt":"2025-12-18T08:02:10","guid":{"rendered":"https:\/\/www.europesays.com\/pt\/193006\/"},"modified":"2025-12-18T08:02:10","modified_gmt":"2025-12-18T08:02:10","slug":"trump-defendeu-os-primeiros-11-meses-de-mandato-e-nao-declarou-guerra-a-venezuela-eua","status":"publish","type":"post","link":"https:\/\/www.europesays.com\/pt\/193006\/","title":{"rendered":"Trump defendeu os primeiros 11 meses de mandato (e n\u00e3o declarou guerra \u00e0 Venezuela) | EUA"},"content":{"rendered":"<p>Foi uma avalanche discursiva de 20 minutos com muitas alega\u00e7\u00f5es e poucos factos. O Presidente dos Estados Unidos, <a href=\"http:\/\/www.publico.pt\/donald-trump\" rel=\"nofollow noopener\" target=\"_blank\">Donald Trump<\/a>, dirigiu-se nesta madrugada aos norte-americanos para fazer a defesa dos primeiros 11 meses do seu segundo mandato, atirando para o antecessor democrata, Joe Biden, a responsabilidade por <a href=\"https:\/\/www.publico.pt\/2025\/11\/13\/economia\/noticia\/fim-shutdown-nao-afasta-nevoeiro-economia-eua-2154491\" rel=\"nofollow noopener\" target=\"_blank\">indicadores econ\u00f3micos negativos<\/a> e reivindicando para si diversos feitos. &#8220;H\u00e1 11 meses, herdei uma confus\u00e3o. E estou a resolv\u00ea-la&#8221;, declarou o republicano, lan\u00e7ando-se de seguida numa repescagem de v\u00e1rias alega\u00e7\u00f5es j\u00e1 conhecidas, com especial foco na economia, <a href=\"https:\/\/www.publico.pt\/2025\/11\/05\/mundo\/noticia\/foco-economia-democratas-recuperam-eleitorados-perdidos-ha-ano-2153520\" rel=\"nofollow noopener\" target=\"_blank\">tema que mais tem penalizado a sua taxa de aprova\u00e7\u00e3o<\/a>, actualmente abaixo dos 40%.<\/p>\n<p>Trump afirmou que os EUA t\u00eam hoje mais gente a trabalhar do que em qualquer outro momento da sua hist\u00f3ria, apesar de a <a href=\"https:\/\/www.publico.pt\/2025\/12\/16\/economia\/noticia\/subida-desemprego-lanca-novos-sinais-alerta-economia-eua-2158339\" rel=\"nofollow noopener\" target=\"_blank\">taxa de desemprego ter subido em Novembro<\/a> para o valor mais elevado dos \u00faltimos quatro anos (4,6%) e de, na semana passada, o chairman da Reserva Federal, Jerome Powell, ter alertado que as estat\u00edsticas oficiais est\u00e3o a <a href=\"https:\/\/www.wsj.com\/economy\/jobs\/fed-chair-jerome-powell-says-u-s-may-be-drastically-overstating-jobs-numbers-741c635d\" target=\"_blank\" rel=\"nofollow noopener\">inflacionar os n\u00fameros reais do emprego<\/a>. O Presidente republicano alegou depois que &#8220;100%&#8221; dos novos postos de trabalhos criados este ano foram para cidad\u00e3os norte-americanos &#8211; um valor implaus\u00edvel, mesmo com as crescentes restri\u00e7\u00f5es \u00e0 imigra\u00e7\u00e3o. Disse ter controlado a infla\u00e7\u00e3o, quando esta permanece acima do objectivo da Reserva Federal, e exagerou a descida do pre\u00e7o da gasolina, dos alimentos e dos medicamentos (destes \u00faltimos, referiu quebras superiores a 100%, uma impossibilidade matem\u00e1tica).<\/p>\n<p>Disse ter captado 18 bili\u00f5es de d\u00f3lares em investimento, o dobro do valor indicado pela pr\u00f3pria Casa Branca, que j\u00e1 inclui diversas promessas de investimento de pa\u00edses e empresas estrangeiras ainda por confirmar e concretizar. Apontou a reindustrializa\u00e7\u00e3o do pa\u00eds, em resultado da aplica\u00e7\u00e3o de taxas aduaneiras, apesar de diversos indicadores de actividade industrial, incluindo os n\u00fameros de constru\u00e7\u00e3o de novas f\u00e1bricas, estarem na verdade em queda.<\/p>\n<p>        &#13;<\/p>\n<p>&#13;<br \/>\n                &#13;\n            <\/p>\n<p>&#13;<\/p>\n<p>O Presidente norte-americano deixou ainda v\u00e1rias promessas: um cheque de 1776 d\u00f3lares (o n\u00famero alude ao ano da independ\u00eancia norte-americana) para os membros das For\u00e7as Armadas a tempo do Natal, a que chamou o &#8220;dividendo do guerreiro&#8221;, e outro de 2000 d\u00f3lares para todas as fam\u00edlias, fora as mais abastadas, mas sem se comprometer com uma data. Deixou outra promessa vaga de resolu\u00e7\u00e3o do problema dos seguros de sa\u00fade, cujos subs\u00eddios federais v\u00e3o extinguir-se no final do ano por decis\u00e3o da maioria republicana no Congresso, deixando milh\u00f5es de norte-americanos sem possibilidade de pagar o acesso a cuidados de sa\u00fade ou a ver a sua despesa subir entre centenas e milhares de d\u00f3lares por m\u00eas. Trump responsabiliza o Partido Democrata e as seguradoras pela crise na sa\u00fade.<\/p>\n<p>Tamb\u00e9m prometeu &#8220;algumas das mais agressivas reformas da habita\u00e7\u00e3o da hist\u00f3ria americana&#8221;, sem as detalhar. Mas disse que menos imigrantes no pa\u00eds significariam &#8220;mais casas&#8221;, tal como &#8220;mais empregos para os americanos&#8221;, alegando que a Administra\u00e7\u00e3o Biden deixou entrar &#8220;milh\u00f5es de imigrantes ilegais&#8221; no pa\u00eds para lhes dar &#8220;casas pagas pelos contribuintes&#8221; e &#8220;cuidados de sa\u00fade gr\u00e1tis&#8221;, e que &#8220;todo o saldo de cria\u00e7\u00e3o de emprego ia para imigrantes&#8221; durante a governa\u00e7\u00e3o democrata.<\/p>\n<p>Noutra not\u00edcia sa\u00edda do discurso na Sala Oval, Trump disse que anunciar\u00e1 em breve a sua escolha para a lideran\u00e7a da Reserva Federal: &#8220;algu\u00e9m que acredita muito em taxas de juro baixas&#8221;. Os receios de <a href=\"https:\/\/www.publico.pt\/2025\/07\/23\/economia\/noticia\/powell-resiste-independencia-fed-ja-vitimas-trump-2141137\" rel=\"nofollow noopener\" target=\"_blank\">interfer\u00eancia do Governo no banco central<\/a> norte-americano t\u00eam alimentado alguma instabilidade nos mercados financeiros.<\/p>\n<p>Venezuela sem novidades<\/p>\n<p>O que n\u00e3o se ouviu na comunica\u00e7\u00e3o desta noite foi uma muito especulada declara\u00e7\u00e3o de guerra \u00e0 <a href=\"http:\/\/www.publico.pt\/venezuela\" rel=\"nofollow noopener\" target=\"_blank\">Venezuela<\/a> que o comentador conservador Tucker Carlson tinha pr\u00e9-anunciado horas antes no podcast de Andrew Napolitano, citando supostas fontes do Congresso. A previs\u00e3o, apesar de citada pela imprensa estrangeira, teve pouco eco nos jornais norte-americanos, e a Casa Branca tinha indicado esta noite que Trump falaria apenas dos seus primeiros 11 meses de mandato e de algumas promessas para o arranque de 2026.<\/p>\n<p>A especula\u00e7\u00e3o assentava na r\u00e1pida escalada de tens\u00e3o dos \u00faltimos dias. Na ter\u00e7a-feira, Nicol\u00e1s Maduro ordenou \u00e0 Marinha venezuelana a escolta dos navios petroleiros sa\u00eddos dos portos do pa\u00eds em direc\u00e7\u00e3o aos seus principais mercados, com a China \u00e0 cabe\u00e7a. Na madrugada de ter\u00e7a para quarta, e segundo o New York Times, um primeiro grupo de petroleiros sa\u00eddos de Porto Jos\u00e9 rumo \u00e0 \u00c1sia come\u00e7ou a ser acompanhado pelas for\u00e7as venezuelanas. Nenhuma das embarca\u00e7\u00f5es em causa pertencer\u00e1 ao conjunto de petroleiros alvo de san\u00e7\u00f5es norte-americanas.<\/p>\n<p>A ordem de Maduro respondia a outra, por parte de Trump, proferida no mesmo dia, de um <a href=\"https:\/\/www.publico.pt\/2025\/12\/17\/mundo\/noticia\/trump-ordena-bloqueio-total-petroleiros-sancionados-trabalhem-venezuela-2158374\" rel=\"nofollow noopener\" target=\"_blank\">bloqueio naval \u00e0 Venezuela<\/a>, e acontece uma semana depois de as for\u00e7as norte-americanas terem abordado e <a href=\"https:\/\/www.publico.pt\/2025\/12\/12\/mundo\/noticia\/apreensao-petroleiros-sancoes-eua-elevam-nova-tensao-venezuela-2157853\" rel=\"nofollow noopener\" target=\"_blank\">arrestado um petroleiro venezuelano<\/a>, numa ac\u00e7\u00e3o que Caracas qualificou de \u201cpirataria internacional\u201d.<\/p>\n<p>Trump j\u00e1 n\u00e3o esconde a inten\u00e7\u00e3o de controlar as reservas petrol\u00edferas venezuelanas, consideradas as maiores do mundo. \u201cTiraram-nos os nossos direitos. T\u00ednhamos muito petr\u00f3leo ali. Expulsaram as nossas empresas e queremo-las de volta\u201d, <a href=\"https:\/\/www.publico.pt\/2025\/12\/18\/mundo\/noticia\/trump-venezuela-retirou-direitos-petroliferos-eua-quer-recuperalos-2158506\" rel=\"nofollow noopener\" target=\"_blank\">declarou<\/a> o Presidente norte-americano na quarta-feira. A declara\u00e7\u00e3o segue-se a iniciativas de bastidores, fracassadas, para a reabertura dos campos petrol\u00edferos venezuelanos a empresas dos EUA. &#8220;A verdade foi revelada&#8221;, reagiu Maduro \u00e0s declara\u00e7\u00f5es do Presidente norte-americano sobre o acesso ao petr\u00f3leo venezuelano.<\/p>\n<p>A nova fase do conflito segue-se a sucessivos passos dados, sob diferentes pretextos, pela Administra\u00e7\u00e3o Trump. Desde Setembro, as For\u00e7as Armadas norte-americanas bombardearam mais de 20 embarca\u00e7\u00f5es que consideraram suspeitas de tr\u00e1fico de droga no Mar das Cara\u00edbas e no Pac\u00edfico Oriental, vitimando cerca de 90 pessoas. Washington acusa o regime venezuelano de envolvimento com grupos de narcotraficantes.<\/p>\n<p>Esta semana, Trump <a href=\"https:\/\/www.publico.pt\/2025\/12\/16\/mundo\/noticia\/eua-classificam-fentanil-arma-destruicao-macica-venezuela-mexico-mira-2158221\" rel=\"nofollow noopener\" target=\"_blank\">designou o fentanil como uma \u201carma de destrui\u00e7\u00e3o maci\u00e7a\u201d<\/a>. Contudo, a produ\u00e7\u00e3o e com\u00e9rcio internacional desta subst\u00e2ncia il\u00edcita, no centro de uma grave crise de toxicodepend\u00eancia nos EUA, n\u00e3o passam pela Venezuela. \u00c9 sobretudo o M\u00e9xico a ser apontado como h\u00e1 anos pelas pol\u00edcias internacionais como grande centro de produ\u00e7\u00e3o e distribui\u00e7\u00e3o do fentanil na Am\u00e9rica do Norte, com a China e o Sudeste Asi\u00e1tico a serem vistos como principais fontes dos componentes daquela droga.<\/p>\n<p>Esta quarta-feira, em que Maduro esteve em contacto telef\u00f3nico com o secret\u00e1rio-geral das Na\u00e7\u00f5es Unidas, Ant\u00f3nio Guterres, a Venezuela pediu uma reuni\u00e3o de urg\u00eancia do Conselho de Seguran\u00e7a para debater a &#8220;agress\u00e3o continuada&#8221; dos EUA, enquanto a Presidente do M\u00e9xico, Claudia Sheinbaum, exortou a ONU a &#8220;prevenir o derramamento de sangue&#8221; na regi\u00e3o, criticando a &#8220;aus\u00eancia&#8221; da organiza\u00e7\u00e3o perante o agravamento da crise. &#8220;Apelamos que se recorra ao di\u00e1logo e \u00e0 paz em qualquer disputa internacional, e n\u00e3o a uma interven\u00e7\u00e3o&#8221;, declarou Sheinbaum, que acrescentou que o M\u00e9xico est\u00e1 dispon\u00edvel para ser anfitri\u00e3o de eventuais negocia\u00e7\u00f5es entre Washington e Caracas.<\/p>\n","protected":false},"excerpt":{"rendered":"Foi uma avalanche discursiva de 20 minutos com muitas alega\u00e7\u00f5es e poucos factos. O Presidente dos Estados Unidos,&hellip;\n","protected":false},"author":2,"featured_media":193007,"comment_status":"","ping_status":"","sticky":false,"template":"","format":"standard","meta":{"footnotes":""},"categories":[50],"tags":[1028,27,28,92,353,413,15,16,14,25,26,21,22,62,12,13,19,20,23,24,17,18,29,30,31,3023,63,64,65],"class_list":{"0":"post-193006","1":"post","2":"type-post","3":"status-publish","4":"format-standard","5":"has-post-thumbnail","7":"category-mundo","8":"tag-america-latina","9":"tag-breaking-news","10":"tag-breakingnews","11":"tag-donald-trump","12":"tag-em-destaque","13":"tag-eua","14":"tag-featured-news","15":"tag-featurednews","16":"tag-headlines","17":"tag-latest-news","18":"tag-latestnews","19":"tag-main-news","20":"tag-mainnews","21":"tag-mundo","22":"tag-news","23":"tag-noticias","24":"tag-noticias-principais","25":"tag-noticiasprincipais","26":"tag-principais-noticias","27":"tag-principaisnoticias","28":"tag-top-stories","29":"tag-topstories","30":"tag-ultimas","31":"tag-ultimas-noticias","32":"tag-ultimasnoticias","33":"tag-venezuela","34":"tag-world","35":"tag-world-news","36":"tag-worldnews"},"share_on_mastodon":{"url":"https:\/\/pubeurope.com\/@pt\/115739527959794021","error":""},"_links":{"self":[{"href":"https:\/\/www.europesays.com\/pt\/wp-json\/wp\/v2\/posts\/193006","targetHints":{"allow":["GET"]}}],"collection":[{"href":"https:\/\/www.europesays.com\/pt\/wp-json\/wp\/v2\/posts"}],"about":[{"href":"https:\/\/www.europesays.com\/pt\/wp-json\/wp\/v2\/types\/post"}],"author":[{"embeddable":true,"href":"https:\/\/www.europesays.com\/pt\/wp-json\/wp\/v2\/users\/2"}],"replies":[{"embeddable":true,"href":"https:\/\/www.europesays.com\/pt\/wp-json\/wp\/v2\/comments?post=193006"}],"version-history":[{"count":0,"href":"https:\/\/www.europesays.com\/pt\/wp-json\/wp\/v2\/posts\/193006\/revisions"}],"wp:featuredmedia":[{"embeddable":true,"href":"https:\/\/www.europesays.com\/pt\/wp-json\/wp\/v2\/media\/193007"}],"wp:attachment":[{"href":"https:\/\/www.europesays.com\/pt\/wp-json\/wp\/v2\/media?parent=193006"}],"wp:term":[{"taxonomy":"category","embeddable":true,"href":"https:\/\/www.europesays.com\/pt\/wp-json\/wp\/v2\/categories?post=193006"},{"taxonomy":"post_tag","embeddable":true,"href":"https:\/\/www.europesays.com\/pt\/wp-json\/wp\/v2\/tags?post=193006"}],"curies":[{"name":"wp","href":"https:\/\/api.w.org\/{rel}","templated":true}]}}