{"id":193008,"date":"2025-12-18T08:05:08","date_gmt":"2025-12-18T08:05:08","guid":{"rendered":"https:\/\/www.europesays.com\/pt\/193008\/"},"modified":"2025-12-18T08:05:08","modified_gmt":"2025-12-18T08:05:08","slug":"globo-e-condenada-a-pagar-r-220-mil-a-produtor-do-domingao-do-faustao-por-piadas-do-apresentador","status":"publish","type":"post","link":"https:\/\/www.europesays.com\/pt\/193008\/","title":{"rendered":"Globo \u00e9 condenada a pagar R$ 220 mil a produtor do \u201cDoming\u00e3o do Faust\u00e3o\u201d por piadas do apresentador"},"content":{"rendered":"\n<p>A\u00a0TV Globo\u00a0ter\u00e1 que indenizar o produtor\u00a0Renato Moreira de Lima, que atuou no programa\u00a0\u201cDoming\u00e3o do Faust\u00e3o\u201d, no valor de R$ 220 mil por danos morais. A Justi\u00e7a do Trabalho reconheceu que o profissional foi alvo recorrente de intera\u00e7\u00f5es e brincadeiras exibidas ao vivo durante o programa apresentado por\u00a0Fausto Silva.<\/p>\n<p>Em um dos epis\u00f3dios citados no processo, o produtor teria sido exposto pelo apresentador por conta de sua apar\u00eancia.\u00a0\u201cEle [Renato] pensava em ser gal\u00e3 de Malha\u00e7\u00e3o, n\u00e3o conseguiu e acabou no Doming\u00e3o\u201d,\u00a0disse\u00a0Faust\u00e3o, na ocasi\u00e3o.<\/p>\n<p>Na senten\u00e7a, a ju\u00edza afirmou que \u201co fato de haver proximidade ou amizade no ambiente laboral n\u00e3o concede salvo-conduto para que, no exerc\u00edcio da fun\u00e7\u00e3o, o superior hier\u00e1rquico ou apresentador principal do programa exponha o subordinado, tecendo coment\u00e1rios sobre a apar\u00eancia f\u00edsica ou piadas de cunho depreciativo\u201d.<\/p>\n<p>J\u00e1 em sua defesa, a\u00a0TV Globo\u00a0alegou que as brincadeiras do apresentador eram espont\u00e2neas e sem nenhum tipo de ass\u00e9dio moral. No entanto, as alega\u00e7\u00f5es n\u00e3o foram acatadas pela ju\u00edza. Al\u00e9m da indeniza\u00e7\u00e3o, a emissora tamb\u00e9m foi condenada ao pagamento de horas extras e outros direitos trabalhistas do produtor\u00a0Renato Moreira.<\/p>\n","protected":false},"excerpt":{"rendered":"A\u00a0TV Globo\u00a0ter\u00e1 que indenizar o produtor\u00a0Renato Moreira de Lima, que atuou no programa\u00a0\u201cDoming\u00e3o do Faust\u00e3o\u201d, no valor de&hellip;\n","protected":false},"author":2,"featured_media":193009,"comment_status":"","ping_status":"","sticky":false,"template":"","format":"standard","meta":{"footnotes":""},"categories":[145],"tags":[6973,38767,38764,211,210,11368,33773,17735,8280,114,115,6647,38766,11498,31346,18175,38768,38765,32,33,38769,22366,38770,2323],"class_list":{"0":"post-193008","1":"post","2":"type-post","3":"status-publish","4":"format-standard","5":"has-post-thumbnail","7":"category-celebridades","8":"tag-apresentador","9":"tag-assedio-moral","10":"tag-brincadeiras","11":"tag-celebridades","12":"tag-celebrities","13":"tag-comentarios","14":"tag-danos-morais","15":"tag-direitos-trabalhistas","16":"tag-domingao-do-faustao","17":"tag-entertainment","18":"tag-entretenimento","19":"tag-fausto-silva","20":"tag-horas-extras","21":"tag-indemnizacao","22":"tag-interacoes","23":"tag-juiza","24":"tag-justica-do-trabalho","25":"tag-piadas","26":"tag-portugal","27":"tag-pt","28":"tag-renato-moreira","29":"tag-sentenca","30":"tag-superior-hierarquico","31":"tag-tv-globo"},"share_on_mastodon":{"url":"https:\/\/pubeurope.com\/@pt\/115739539728033560","error":""},"_links":{"self":[{"href":"https:\/\/www.europesays.com\/pt\/wp-json\/wp\/v2\/posts\/193008","targetHints":{"allow":["GET"]}}],"collection":[{"href":"https:\/\/www.europesays.com\/pt\/wp-json\/wp\/v2\/posts"}],"about":[{"href":"https:\/\/www.europesays.com\/pt\/wp-json\/wp\/v2\/types\/post"}],"author":[{"embeddable":true,"href":"https:\/\/www.europesays.com\/pt\/wp-json\/wp\/v2\/users\/2"}],"replies":[{"embeddable":true,"href":"https:\/\/www.europesays.com\/pt\/wp-json\/wp\/v2\/comments?post=193008"}],"version-history":[{"count":0,"href":"https:\/\/www.europesays.com\/pt\/wp-json\/wp\/v2\/posts\/193008\/revisions"}],"wp:featuredmedia":[{"embeddable":true,"href":"https:\/\/www.europesays.com\/pt\/wp-json\/wp\/v2\/media\/193009"}],"wp:attachment":[{"href":"https:\/\/www.europesays.com\/pt\/wp-json\/wp\/v2\/media?parent=193008"}],"wp:term":[{"taxonomy":"category","embeddable":true,"href":"https:\/\/www.europesays.com\/pt\/wp-json\/wp\/v2\/categories?post=193008"},{"taxonomy":"post_tag","embeddable":true,"href":"https:\/\/www.europesays.com\/pt\/wp-json\/wp\/v2\/tags?post=193008"}],"curies":[{"name":"wp","href":"https:\/\/api.w.org\/{rel}","templated":true}]}}