{"id":193016,"date":"2025-12-18T08:21:10","date_gmt":"2025-12-18T08:21:10","guid":{"rendered":"https:\/\/www.europesays.com\/pt\/193016\/"},"modified":"2025-12-18T08:21:10","modified_gmt":"2025-12-18T08:21:10","slug":"oscar-sera-transmitido-exclusivamente-pelo-youtube-a-partir-de-2029-diz-academia","status":"publish","type":"post","link":"https:\/\/www.europesays.com\/pt\/193016\/","title":{"rendered":"Oscar ser\u00e1 transmitido exclusivamente pelo YouTube a partir de 2029, diz Academia"},"content":{"rendered":"<p>A cerim\u00f4nia de entrega dos pr\u00eamios Oscar ser\u00e1 transmitida com exclusividade pelo YouTube a partir de 2029, informou a Academia de Artes e Ci\u00eancias Cinematogr\u00e1ficas de Hollywood nesta quarta-feira (17). O novo acordo, com dura\u00e7\u00e3o de v\u00e1rios anos, faz com que a mais prestigiosa cerim\u00f4nia de premia\u00e7\u00e3o da meca do cinema americano seja exibida apenas em uma plataforma de streaming pela primeira vez, encerrando uma rela\u00e7\u00e3o de d\u00e9cadas com a emissora americana ABC.<\/p>\n<p>&#8220;Estamos entusiasmados em iniciar uma parceria global multifacetada com o YouTube para que ele se torne o novo lar do Oscar e da nossa programa\u00e7\u00e3o anual da Academia\u201d, afirmaram em um comunicado o diretor-executivo da Academia, Bill Kramer, e a presidente da institui\u00e7\u00e3o, Lynette Howell.<\/p>\n<p>Os Pr\u00eamios da Academia, que reconhecem o melhor do cinema, s\u00e3o assistidos por cerca de 20 milh\u00f5es de espectadores nos Estados Unidos, al\u00e9m de muitos outros ao redor do mundo. O contrato com a ABC para a transmiss\u00e3o da cerim\u00f4nia termina em 2028, com a 100\u00aa edi\u00e7\u00e3o do evento. O canal pertence ao grupo Disney.<\/p>\n<p>O novo acordo com o YouTube, controlado pelo Google, marca uma mudan\u00e7a radical de rumo para a cerim\u00f4nia e para uma ind\u00fastria que acompanha atentamente o impacto das plataformas de streaming no cinema. Hollywood enfrenta desafios nos \u00faltimos anos ao lidar com os novos h\u00e1bitos das gera\u00e7\u00f5es mais jovens de espectadores.<\/p>\n<p>A edi\u00e7\u00e3o deste ano da cerim\u00f4nia do Oscar foi assistida por 19,69 milh\u00f5es de pessoas, n\u00famero impulsionado pela decis\u00e3o de transmiti-la pela primeira vez na plataforma Hulu, tamb\u00e9m da Disney, simultaneamente \u00e0 exibi\u00e7\u00e3o na ABC. A Disney afirmou que essa edi\u00e7\u00e3o foi a mais assistida em cinco anos, apesar de a transmiss\u00e3o pelo Hulu ter sido afetada por problemas t\u00e9cnicos que impediram alguns espectadores de acompanhar os pr\u00eamios finais.H\u00e1 uma d\u00e9cada, assistiam \u00e0 transmiss\u00e3o da cerim\u00f4nia de entrega dos pr\u00eamios da Academia cerca de 40 milh\u00f5es de espectadores.<\/p>\n<p>Veja Tamb\u00e9m<\/p>\n","protected":false},"excerpt":{"rendered":"A cerim\u00f4nia de entrega dos pr\u00eamios Oscar ser\u00e1 transmitida com exclusividade pelo YouTube a partir de 2029, informou&hellip;\n","protected":false},"author":2,"featured_media":193017,"comment_status":"","ping_status":"","sticky":false,"template":"","format":"standard","meta":{"footnotes":""},"categories":[145],"tags":[3428,211,210,470,114,115,413,1409,32,3304,33,12562],"class_list":{"0":"post-193016","1":"post","2":"type-post","3":"status-publish","4":"format-standard","5":"has-post-thumbnail","7":"category-celebridades","8":"tag-arte-agenda","9":"tag-celebridades","10":"tag-celebrities","11":"tag-cinema","12":"tag-entertainment","13":"tag-entretenimento","14":"tag-eua","15":"tag-oscar","16":"tag-portugal","17":"tag-premio","18":"tag-pt","19":"tag-transmissao"},"share_on_mastodon":{"url":"https:\/\/pubeurope.com\/@pt\/115739602648183557","error":""},"_links":{"self":[{"href":"https:\/\/www.europesays.com\/pt\/wp-json\/wp\/v2\/posts\/193016","targetHints":{"allow":["GET"]}}],"collection":[{"href":"https:\/\/www.europesays.com\/pt\/wp-json\/wp\/v2\/posts"}],"about":[{"href":"https:\/\/www.europesays.com\/pt\/wp-json\/wp\/v2\/types\/post"}],"author":[{"embeddable":true,"href":"https:\/\/www.europesays.com\/pt\/wp-json\/wp\/v2\/users\/2"}],"replies":[{"embeddable":true,"href":"https:\/\/www.europesays.com\/pt\/wp-json\/wp\/v2\/comments?post=193016"}],"version-history":[{"count":0,"href":"https:\/\/www.europesays.com\/pt\/wp-json\/wp\/v2\/posts\/193016\/revisions"}],"wp:featuredmedia":[{"embeddable":true,"href":"https:\/\/www.europesays.com\/pt\/wp-json\/wp\/v2\/media\/193017"}],"wp:attachment":[{"href":"https:\/\/www.europesays.com\/pt\/wp-json\/wp\/v2\/media?parent=193016"}],"wp:term":[{"taxonomy":"category","embeddable":true,"href":"https:\/\/www.europesays.com\/pt\/wp-json\/wp\/v2\/categories?post=193016"},{"taxonomy":"post_tag","embeddable":true,"href":"https:\/\/www.europesays.com\/pt\/wp-json\/wp\/v2\/tags?post=193016"}],"curies":[{"name":"wp","href":"https:\/\/api.w.org\/{rel}","templated":true}]}}