{"id":193038,"date":"2025-12-18T08:45:18","date_gmt":"2025-12-18T08:45:18","guid":{"rendered":"https:\/\/www.europesays.com\/pt\/193038\/"},"modified":"2025-12-18T08:45:18","modified_gmt":"2025-12-18T08:45:18","slug":"lucha-libre-audio-admite-produtora-executiva","status":"publish","type":"post","link":"https:\/\/www.europesays.com\/pt\/193038\/","title":{"rendered":"Lucha Libre \u00c1udio admite produtora executiva"},"content":{"rendered":"<p>Renata Prado (ex-McCann) assume a miss\u00e3o de liderar as \u00e1reas de atendimento e neg\u00f3cios<\/p>\n<p>                <img fetchpriority=\"high\" aria-describedby=\"caption-attachment-640770\" loading=\"auto\" decoding=\"auto\" class=\"wp-image-640770 size-thumb_616w\" src=\"https:\/\/www.europesays.com\/pt\/wp-content\/uploads\/2025\/12\/Luncha-Libre-616x410.jpg\" alt=\"Luncha Libre\" width=\"616\" height=\"410\"  \/><\/p>\n<p id=\"caption-attachment-640770\" class=\"wp-caption-text\">Renata Prado e Paulinho Corcione (s\u00f3cio) (Cr\u00e9ditos: Divulga\u00e7\u00e3o)<\/p>\n<p>A Lucha Libre \u00c1udio nomeia Renata Prado como produtora executiva, passando a liderar as \u00e1reas de atendimento e neg\u00f3cios.<\/p>\n<p>Com 12 anos de experi\u00eancia, Renata tem passagens pela Shuffle Audio, Mr. Pink, BossaNovaFilms, Brigitte, McCann e Momentum. Al\u00e9m disso, \u00e9 p\u00f3s-graduada em Marketing pela UCLA.<\/p>\n","protected":false},"excerpt":{"rendered":"Renata Prado (ex-McCann) assume a miss\u00e3o de liderar as \u00e1reas de atendimento e neg\u00f3cios Renata Prado e Paulinho&hellip;\n","protected":false},"author":2,"featured_media":193039,"comment_status":"","ping_status":"","sticky":false,"template":"","format":"standard","meta":{"footnotes":""},"categories":[84],"tags":[109,107,108,32,33,105,103,104,106,110],"class_list":{"0":"post-193038","1":"post","2":"type-post","3":"status-publish","4":"format-standard","5":"has-post-thumbnail","7":"category-ciencia-e-tecnologia","8":"tag-ciencia","9":"tag-ciencia-e-tecnologia","10":"tag-cienciaetecnologia","11":"tag-portugal","12":"tag-pt","13":"tag-science","14":"tag-science-and-technology","15":"tag-scienceandtechnology","16":"tag-technology","17":"tag-tecnologia"},"share_on_mastodon":{"url":"https:\/\/pubeurope.com\/@pt\/115739697304975826","error":""},"_links":{"self":[{"href":"https:\/\/www.europesays.com\/pt\/wp-json\/wp\/v2\/posts\/193038","targetHints":{"allow":["GET"]}}],"collection":[{"href":"https:\/\/www.europesays.com\/pt\/wp-json\/wp\/v2\/posts"}],"about":[{"href":"https:\/\/www.europesays.com\/pt\/wp-json\/wp\/v2\/types\/post"}],"author":[{"embeddable":true,"href":"https:\/\/www.europesays.com\/pt\/wp-json\/wp\/v2\/users\/2"}],"replies":[{"embeddable":true,"href":"https:\/\/www.europesays.com\/pt\/wp-json\/wp\/v2\/comments?post=193038"}],"version-history":[{"count":0,"href":"https:\/\/www.europesays.com\/pt\/wp-json\/wp\/v2\/posts\/193038\/revisions"}],"wp:featuredmedia":[{"embeddable":true,"href":"https:\/\/www.europesays.com\/pt\/wp-json\/wp\/v2\/media\/193039"}],"wp:attachment":[{"href":"https:\/\/www.europesays.com\/pt\/wp-json\/wp\/v2\/media?parent=193038"}],"wp:term":[{"taxonomy":"category","embeddable":true,"href":"https:\/\/www.europesays.com\/pt\/wp-json\/wp\/v2\/categories?post=193038"},{"taxonomy":"post_tag","embeddable":true,"href":"https:\/\/www.europesays.com\/pt\/wp-json\/wp\/v2\/tags?post=193038"}],"curies":[{"name":"wp","href":"https:\/\/api.w.org\/{rel}","templated":true}]}}