{"id":193054,"date":"2025-12-18T09:14:14","date_gmt":"2025-12-18T09:14:14","guid":{"rendered":"https:\/\/www.europesays.com\/pt\/193054\/"},"modified":"2025-12-18T09:14:14","modified_gmt":"2025-12-18T09:14:14","slug":"avs-vence-em-guimaraes-e-apura-se-para-os-quartos-de-final","status":"publish","type":"post","link":"https:\/\/www.europesays.com\/pt\/193054\/","title":{"rendered":"AVS vence em Guimar\u00e3es e apura-se para os quartos de final"},"content":{"rendered":"<p>                O extremo nigeriano do AVS marcou o golo do desafio aos 41 minutos, num jogo em que a forma\u00e7\u00e3o de Guimar\u00e3es entrou ofensiva, desperdi\u00e7ou uma grande penalidade na segunda parte, por Oumar Camar\u00e1, aos 57 minutos, e ainda acertou com uma bola no poste, aos 75.<\/p>\n<p>No primeiro jogo ap\u00f3s a sa\u00edda do treinador Jo\u00e3o Pedro Sousa, a forma\u00e7\u00e3o de Vila das Aves apareceu na \u2018cidade-ber\u00e7o\u2019 orientada por Armando Roriz, at\u00e9 agora treinador-adjunto, jogou com um \u2018onze\u2019 totalmente diferente do que alinhou na goleada sofrida perante o Sporting (6-0), para a I Liga, no s\u00e1bado, e, na pr\u00f3xima ronda, desloca-se ao reduto do vencedor do encontro entre Santa Clara e Sporting, marcado para quinta-feira.<\/p>\n<p>O Vit\u00f3ria instalou-se no meio-campo advers\u00e1rio durante os primeiros 20 minutos, trocando a bola em redor da \u00e1rea e rematou com insist\u00eancia, atrav\u00e9s de Oumar Camar\u00e1, aos dois minutos, de N\u00e9lson Oliveira, aos 14, e por v\u00e1rios jogadores, aos 20, em tentativas sempre intercetadas.<\/p>\n<p>Ap\u00f3s suster a press\u00e3o anfitri\u00e3, a equipa de Vila das Aves come\u00e7ou a \u2018libertar-se\u2019 no relvado, principalmente gra\u00e7as \u00e0s acelera\u00e7\u00f5es de Tunde pelo corredor direito, a gerarem \u2018inc\u00f3modo\u2019 na retaguarda vimaranense, que teve de ser remodelada aos 28 minutos, com a entrada de Thiago Balieiro para o lugar do lesionado \u00d3scar Rivas.<\/p>\n<p>Em mais uma arrancada, o extremo nigeriano aproveitou um erro crasso de Lebedenko numa tentativa de cortar a bola, ap\u00f3s pontap\u00e9 do guarda-redes Sim\u00e3o Bertelli, e isolou-se para rematar fora do alcance de Charles.<\/p>\n<p>Com Diogo Sousa no lugar de Gon\u00e7alo Nogueira, a equipa treinada por Lu\u00eds Pinto manteve o pendor ofensivo no arranque do segundo tempo, com Oumar Camar\u00e1 a rematar isolado, para defesa de Sim\u00e3o Bertelli, aos 49 minutos, e a perder novo duelo com o guardi\u00e3o brasileiro, aos 57, na marca\u00e7\u00e3o de uma grande penalidade.<\/p>\n<p>Ap\u00f3s Tiago Galletto travar com o bra\u00e7o esquerdo um remate de Noah Saviolo, num lance imediatamente sancionado pelo \u00e1rbitro Gustavo Correia, o atacante franc\u00eas, de 18 anos, rematou para defesa de Sim\u00e3o Bertelli com os p\u00e9s e viu a recarga certeira ser anulada, por dominar a bola com o bra\u00e7o.<\/p>\n<p>Ap\u00f3s as substitui\u00e7\u00f5es de uma e de outra equipa, o jogo tornou-se mais atabalhoado, com o Vit\u00f3ria a perder crit\u00e9rio e o AVS a sair mais vezes para o contra-ataque.<\/p>\n<p>Nos 20 minutos finais, marcados por in\u00fameras paragens para assist\u00eancia a jogadores do AVS, o Vit\u00f3ria recorreu a v\u00e1rios cruzamentos para a \u00e1rea contr\u00e1ria, mas s\u00f3 num deles esteve perto do golo, quando Alioune Ndoye cabeceou ao poste direito em resposta a uma bola de Samu, aos 75.&#13;\n            <\/p>\n","protected":false},"excerpt":{"rendered":"O extremo nigeriano do AVS marcou o golo do desafio aos 41 minutos, num jogo em que a&hellip;\n","protected":false},"author":2,"featured_media":193055,"comment_status":"","ping_status":"","sticky":false,"template":"","format":"standard","meta":{"footnotes":""},"categories":[87],"tags":[135,13,32,33,420,421,134],"class_list":{"0":"post-193054","1":"post","2":"type-post","3":"status-publish","4":"format-standard","5":"has-post-thumbnail","7":"category-desporto","8":"tag-desporto","9":"tag-noticias","10":"tag-portugal","11":"tag-pt","12":"tag-rtp","13":"tag-rtp-noticias","14":"tag-sports"},"share_on_mastodon":{"url":"https:\/\/pubeurope.com\/@pt\/115739811200228216","error":""},"_links":{"self":[{"href":"https:\/\/www.europesays.com\/pt\/wp-json\/wp\/v2\/posts\/193054","targetHints":{"allow":["GET"]}}],"collection":[{"href":"https:\/\/www.europesays.com\/pt\/wp-json\/wp\/v2\/posts"}],"about":[{"href":"https:\/\/www.europesays.com\/pt\/wp-json\/wp\/v2\/types\/post"}],"author":[{"embeddable":true,"href":"https:\/\/www.europesays.com\/pt\/wp-json\/wp\/v2\/users\/2"}],"replies":[{"embeddable":true,"href":"https:\/\/www.europesays.com\/pt\/wp-json\/wp\/v2\/comments?post=193054"}],"version-history":[{"count":0,"href":"https:\/\/www.europesays.com\/pt\/wp-json\/wp\/v2\/posts\/193054\/revisions"}],"wp:featuredmedia":[{"embeddable":true,"href":"https:\/\/www.europesays.com\/pt\/wp-json\/wp\/v2\/media\/193055"}],"wp:attachment":[{"href":"https:\/\/www.europesays.com\/pt\/wp-json\/wp\/v2\/media?parent=193054"}],"wp:term":[{"taxonomy":"category","embeddable":true,"href":"https:\/\/www.europesays.com\/pt\/wp-json\/wp\/v2\/categories?post=193054"},{"taxonomy":"post_tag","embeddable":true,"href":"https:\/\/www.europesays.com\/pt\/wp-json\/wp\/v2\/tags?post=193054"}],"curies":[{"name":"wp","href":"https:\/\/api.w.org\/{rel}","templated":true}]}}