{"id":193056,"date":"2025-12-18T09:15:08","date_gmt":"2025-12-18T09:15:08","guid":{"rendered":"https:\/\/www.europesays.com\/pt\/193056\/"},"modified":"2025-12-18T09:15:08","modified_gmt":"2025-12-18T09:15:08","slug":"natal-e-ano-novo-como-evitar-excessos-na-alimentacao-infantil-e-impedir-impactos-na-rotina","status":"publish","type":"post","link":"https:\/\/www.europesays.com\/pt\/193056\/","title":{"rendered":"Natal e Ano-Novo: como evitar excessos na alimenta\u00e7\u00e3o infantil e impedir impactos na rotina"},"content":{"rendered":"<p>Durante as festas de fim de ano, o cuidado com a alimenta\u00e7\u00e3o das crian\u00e7as merece aten\u00e7\u00e3o redobrada. Natal e Ano-Novo costumam ser per\u00edodos marcados por exageros \u00e0 mesa, com grande oferta de doces, refrigerantes, frituras e alimentos ultraprocessados, o que pode impactar diretamente a sa\u00fade e os h\u00e1bitos alimentares dos pequenos.<\/p>\n<p>Especialistas alertam que, embora sejam datas de celebra\u00e7\u00e3o, a repeti\u00e7\u00e3o desses excessos ao longo de v\u00e1rios dias pode influenciar o paladar infantil e aumentar o consumo de a\u00e7\u00facar, gordura e sal muito al\u00e9m do recomendado.<\/p>\n<p>O Minist\u00e9rio da Sa\u00fade refor\u00e7a que a inf\u00e2ncia \u00e9 uma fase decisiva para a forma\u00e7\u00e3o de h\u00e1bitos alimentares e recomenda que, mesmo em momentos festivos, a base da alimenta\u00e7\u00e3o seja composta por alimentos in natura ou minimamente processados.<\/p>\n<p><a href=\"https:\/\/www.gov.br\/saude\/pt-br\/assuntos\/saude-brasil\/eu-quero-me-alimentar-melhor\/Documentos\/pdf\/guia-alimentar-para-criancas-brasileiras-menores-de-2-anos.pdf\" rel=\"nofollow noopener\" target=\"_blank\">O Guia Alimentar para Crian\u00e7as Brasileiras<\/a>, por exemplo, orienta que se evite o consumo frequente de alimentos ultraprocessados, como refrigerantes, biscoitos recheados e guloseimas, justamente por estarem associados a maior risco de obesidade infantil e outros problemas de sa\u00fade. Por isso, ficar atenta \u00e0 quantidade e \u00e0 frequ\u00eancia com que esses produtos s\u00e3o oferecidos durante as festas \u00e9 fundamental.<\/p>\n<p class=\"text-center mb-3 mt-5\" style=\"line-height:0; font-size: 0.8rem;\">\n CONTINUA DEPOIS DA PUBLICIDADE\n<\/p>\n<p>Outro ponto de aten\u00e7\u00e3o \u00e9 o comportamento \u00e0 mesa. Crian\u00e7as observam os adultos e tendem a imitar suas escolhas. Quando veem o consumo exagerado de doces e bebidas a\u00e7ucaradas como algo natural nas celebra\u00e7\u00f5es, passam a associar esses alimentos a momentos de alegria e recompensa.<\/p>\n<p>Para evitar esse padr\u00e3o, a recomenda\u00e7\u00e3o \u00e9 equilibrar a ceia com op\u00e7\u00f5es mais saud\u00e1veis, como frutas, legumes, arroz, feij\u00e3o e carnes preparadas de forma simples, mostrando que esses alimentos tamb\u00e9m fazem parte da festa.<\/p>\n<p>Controlar por\u00e7\u00f5es sem proibir totalmente \u00e9 outra estrat\u00e9gia importante. Nutricionistas destacam que a restri\u00e7\u00e3o r\u00edgida pode gerar ainda mais desejo pelos alimentos \u201cproibidos\u201d. O ideal \u00e9 permitir pequenas quantidades, respeitando os sinais de fome e saciedade da crian\u00e7a, e evitar o consumo cont\u00ednuo ao longo do dia. Alternar sobremesas mais cal\u00f3ricas com frutas frescas e incentivar a ingest\u00e3o de \u00e1gua ajuda a reduzir excessos e desconfortos gastrointestinais comuns nessa \u00e9poca.<\/p>\n<p>Al\u00e9m disso, manter a rotina alimentar, mesmo durante as festas, contribui para o equil\u00edbrio. Hor\u00e1rios regulares para as refei\u00e7\u00f5es e lanches ajudam a evitar beliscos constantes. Envolver as crian\u00e7as no preparo da ceia, explicando de forma simples a import\u00e2ncia de escolhas mais saud\u00e1veis, tamb\u00e9m \u00e9 uma forma eficaz de educa\u00e7\u00e3o alimentar.<\/p>\n<p>O cuidado com a alimenta\u00e7\u00e3o infantil durante o per\u00edodo festivo n\u00e3o significa abrir m\u00e3o da tradi\u00e7\u00e3o, mas sim garantir que a celebra\u00e7\u00e3o n\u00e3o comprometa a sa\u00fade e o bem-estar das crian\u00e7as.<\/p>\n","protected":false},"excerpt":{"rendered":"Durante as festas de fim de ano, o cuidado com a alimenta\u00e7\u00e3o das crian\u00e7as merece aten\u00e7\u00e3o redobrada. Natal&hellip;\n","protected":false},"author":2,"featured_media":193057,"comment_status":"","ping_status":"","sticky":false,"template":"","format":"standard","meta":{"footnotes":""},"categories":[86],"tags":[2369,28144,116,29543,32,33,117],"class_list":{"0":"post-193056","1":"post","2":"type-post","3":"status-publish","4":"format-standard","5":"has-post-thumbnail","7":"category-saude","8":"tag-alimentacao","9":"tag-fim-de-ano","10":"tag-health","11":"tag-pais-e-filhos","12":"tag-portugal","13":"tag-pt","14":"tag-saude"},"share_on_mastodon":{"url":"https:\/\/pubeurope.com\/@pt\/115739815138405605","error":""},"_links":{"self":[{"href":"https:\/\/www.europesays.com\/pt\/wp-json\/wp\/v2\/posts\/193056","targetHints":{"allow":["GET"]}}],"collection":[{"href":"https:\/\/www.europesays.com\/pt\/wp-json\/wp\/v2\/posts"}],"about":[{"href":"https:\/\/www.europesays.com\/pt\/wp-json\/wp\/v2\/types\/post"}],"author":[{"embeddable":true,"href":"https:\/\/www.europesays.com\/pt\/wp-json\/wp\/v2\/users\/2"}],"replies":[{"embeddable":true,"href":"https:\/\/www.europesays.com\/pt\/wp-json\/wp\/v2\/comments?post=193056"}],"version-history":[{"count":0,"href":"https:\/\/www.europesays.com\/pt\/wp-json\/wp\/v2\/posts\/193056\/revisions"}],"wp:featuredmedia":[{"embeddable":true,"href":"https:\/\/www.europesays.com\/pt\/wp-json\/wp\/v2\/media\/193057"}],"wp:attachment":[{"href":"https:\/\/www.europesays.com\/pt\/wp-json\/wp\/v2\/media?parent=193056"}],"wp:term":[{"taxonomy":"category","embeddable":true,"href":"https:\/\/www.europesays.com\/pt\/wp-json\/wp\/v2\/categories?post=193056"},{"taxonomy":"post_tag","embeddable":true,"href":"https:\/\/www.europesays.com\/pt\/wp-json\/wp\/v2\/tags?post=193056"}],"curies":[{"name":"wp","href":"https:\/\/api.w.org\/{rel}","templated":true}]}}