{"id":193062,"date":"2025-12-18T09:19:11","date_gmt":"2025-12-18T09:19:11","guid":{"rendered":"https:\/\/www.europesays.com\/pt\/193062\/"},"modified":"2025-12-18T09:19:11","modified_gmt":"2025-12-18T09:19:11","slug":"extremamente-raro-ursa-polar-adotou-uma-cria-que-nao-era-sua","status":"publish","type":"post","link":"https:\/\/www.europesays.com\/pt\/193062\/","title":{"rendered":"Extremamente raro: ursa polar adotou uma cria que n\u00e3o era sua"},"content":{"rendered":"<p data-remotead-prev-elm=\"true\" data-remotead-elm-id=\"inread\">&#8220;Apenas 13 casos (de ado\u00e7\u00e3o) foram registados em 45 anos&#8221;, contou na quarta-feira \u00e0 ag\u00eancia France-Presse (AFP) Evan Richardson, investigador do &#8220;Environment Canada&#8221;, que estuda o maior predador do \u00c1rtico h\u00e1 25 anos.<\/p>\n<p>Em novembro, Richardson e a sua equipa capturaram uma ursa e as suas duas crias, de 10 e 11 meses, perto de Churchill, apelidada de &#8220;capital mundial do urso polar&#8221;, localizada no norte de Manitoba (centro do Canad\u00e1).<\/p>\n<p>&#8220;Quando nos aproxim\u00e1mos, repar\u00e1mos que uma das crias tinha uma etiqueta de identifica\u00e7\u00e3o e a outra n\u00e3o&#8221;, explicou, acrescentando que a mesma f\u00eamea tinha sido vista alguns meses antes com apenas uma cria.<\/p>\n<p data-remotead-prev-elm=\"true\" data-remotead-elm-id=\"centro1\">Nesta regi\u00e3o norte, os investigadores identificam os ursos polares para que possam segui-los e estud\u00e1-los ao longo da vida.<\/p>\n<p>O seguimento por GPS e as observa\u00e7\u00f5es feitas pela &#8220;Polar Bears International&#8221;, um grupo de investiga\u00e7\u00e3o sobre ursos polares, confirmaram que a f\u00eamea em quest\u00e3o manteve as duas crias consigo durante v\u00e1rias semanas.<\/p>\n<p>&#8220;\u00c9 uma hist\u00f3ria bonita. Estas ursas polares s\u00e3o excelentes m\u00e3es, t\u00eam uma predisposi\u00e7\u00e3o natural para cuidar das suas crias&#8221;, vincou Evan Richardson.<\/p>\n<p data-remotead-prev-elm=\"true\" data-remotead-elm-id=\"centro2\"><img decoding=\"async\" class=\"ngx-body\" guid=\"866541df-6548-414d-872c-f8ca69f43d1b\" src=\"https:\/\/static.ni.aws.newsgen.io\/jn\/image.webp?brand=JN&amp;type=generate&amp;guid=866541df-6548-414d-872c-f8ca69f43d1b&amp;t=2025121801501313\" width=\"100%\"\/><br \/>Foto: Polar Bears International\/AFP<\/p>\n<p>A subpopula\u00e7\u00e3o de ursos polares na ba\u00eda de Hudson Ocidental diminuiu 30% em apenas algumas d\u00e9cadas, de cerca de 1200 indiv\u00edduos na d\u00e9cada de 1980 para 800 atualmente, em parte devido ao degelo acelerado, essencial para a sua sobreviv\u00eancia.<\/p>\n<p>No entanto, n\u00e3o h\u00e1 evid\u00eancias que liguem esta ado\u00e7\u00e3o \u00e0s altera\u00e7\u00f5es clim\u00e1ticas, de acordo com Richardson.<\/p>\n<p data-remotead-prev-elm=\"true\" data-remotead-elm-id=\"centro3\">Est\u00e3o em curso testes gen\u00e9ticos para identificar a m\u00e3e biol\u00f3gica do urso adotado. &#8220;H\u00e1 uma boa hip\u00f3tese de descobrirmos quem ela \u00e9&#8221;, apontou o cientista.<\/p>\n<p>Durante 45 anos, foram identificados mais de 4600 ursos polares nesta regi\u00e3o do Canad\u00e1, tornando-a, segundo o pr\u00f3prio, &#8220;a popula\u00e7\u00e3o de ursos polares mais estudada do mundo&#8221;.<\/p>\n","protected":false},"excerpt":{"rendered":"&#8220;Apenas 13 casos (de ado\u00e7\u00e3o) foram registados em 45 anos&#8221;, contou na quarta-feira \u00e0 ag\u00eancia France-Presse (AFP) Evan&hellip;\n","protected":false},"author":2,"featured_media":193063,"comment_status":"","ping_status":"","sticky":false,"template":"","format":"standard","meta":{"footnotes":""},"categories":[50],"tags":[27,28,2965,15,16,14,25,26,21,22,62,12,13,19,20,23,24,17,18,29,30,31,38777,63,64,65],"class_list":{"0":"post-193062","1":"post","2":"type-post","3":"status-publish","4":"format-standard","5":"has-post-thumbnail","7":"category-mundo","8":"tag-breaking-news","9":"tag-breakingnews","10":"tag-canada","11":"tag-featured-news","12":"tag-featurednews","13":"tag-headlines","14":"tag-latest-news","15":"tag-latestnews","16":"tag-main-news","17":"tag-mainnews","18":"tag-mundo","19":"tag-news","20":"tag-noticias","21":"tag-noticias-principais","22":"tag-noticiasprincipais","23":"tag-principais-noticias","24":"tag-principaisnoticias","25":"tag-top-stories","26":"tag-topstories","27":"tag-ultimas","28":"tag-ultimas-noticias","29":"tag-ultimasnoticias","30":"tag-urso-polar","31":"tag-world","32":"tag-world-news","33":"tag-worldnews"},"share_on_mastodon":{"url":"https:\/\/pubeurope.com\/@pt\/115739830979152205","error":""},"_links":{"self":[{"href":"https:\/\/www.europesays.com\/pt\/wp-json\/wp\/v2\/posts\/193062","targetHints":{"allow":["GET"]}}],"collection":[{"href":"https:\/\/www.europesays.com\/pt\/wp-json\/wp\/v2\/posts"}],"about":[{"href":"https:\/\/www.europesays.com\/pt\/wp-json\/wp\/v2\/types\/post"}],"author":[{"embeddable":true,"href":"https:\/\/www.europesays.com\/pt\/wp-json\/wp\/v2\/users\/2"}],"replies":[{"embeddable":true,"href":"https:\/\/www.europesays.com\/pt\/wp-json\/wp\/v2\/comments?post=193062"}],"version-history":[{"count":0,"href":"https:\/\/www.europesays.com\/pt\/wp-json\/wp\/v2\/posts\/193062\/revisions"}],"wp:featuredmedia":[{"embeddable":true,"href":"https:\/\/www.europesays.com\/pt\/wp-json\/wp\/v2\/media\/193063"}],"wp:attachment":[{"href":"https:\/\/www.europesays.com\/pt\/wp-json\/wp\/v2\/media?parent=193062"}],"wp:term":[{"taxonomy":"category","embeddable":true,"href":"https:\/\/www.europesays.com\/pt\/wp-json\/wp\/v2\/categories?post=193062"},{"taxonomy":"post_tag","embeddable":true,"href":"https:\/\/www.europesays.com\/pt\/wp-json\/wp\/v2\/tags?post=193062"}],"curies":[{"name":"wp","href":"https:\/\/api.w.org\/{rel}","templated":true}]}}