{"id":193066,"date":"2025-12-18T09:25:21","date_gmt":"2025-12-18T09:25:21","guid":{"rendered":"https:\/\/www.europesays.com\/pt\/193066\/"},"modified":"2025-12-18T09:25:21","modified_gmt":"2025-12-18T09:25:21","slug":"por-que-ela-sempre-precisa-estar-com-um-homem","status":"publish","type":"post","link":"https:\/\/www.europesays.com\/pt\/193066\/","title":{"rendered":"Por que ela sempre precisa estar com um homem?"},"content":{"rendered":"<p>Uma das coisas mais irritantes em <a href=\"https:\/\/tangerina.uol.com.br\/filmes-series\/5a-temporada-de-emily-em-paris-data-de-estreia-trailer-elenco-e-sinopse\/\" target=\"_blank\" rel=\"noreferrer noopener nofollow\">Emily em Paris<\/a> \u00e9 o fato de que desde o come\u00e7o da s\u00e9rie, Emily (Lily Collins) sempre tem um interesse rom\u00e2ntico em paralelo a tudo que est\u00e1 acontecendo em sua nova vida ca\u00f3tica na capital francesa. Come\u00e7ou com o namorado de Chicago e agora chegou no italiano Marcello (Eugenio Franceschini), que ser\u00e1 ainda mais explorado na quinta temporada.<\/p>\n<p>L\u00e1 na primeira temporada, logo depois de levar um fora por telefone de seu namorado, Emily acaba cedendo \u00e0 atra\u00e7\u00e3o que sente por Gabriel (Lucas Bravo), seu vizinho e chef do restaurante que fica em frente ao seu pr\u00e9dio. Em seguida, no entanto, ela descobre que ele namora Camille (Camille Razat), uma de suas \u00fanicas amigas em Paris at\u00e9 o momento. <\/p>\n<p>Ela logo desiste do chef, mas sempre h\u00e1 uma tens\u00e3o no ar entre os dois. E ainda na primeira temporada, dois de seus clientes, Mathieu Cadault (Charles Martins) e Antoine Lambert (William Abadie), se juntam \u00e0 fila de homens que se interessam instantaneamente pela protagonista \u2014outro fato bastante irritante.<\/p>\n<p>O segundo, inclusive, coloca a publicit\u00e1ria em uma saia justa, j\u00e1 que ele \u00e9 amante de sua chefe, Sylvie (Philippine Leroy-Beaulieu), que ainda n\u00e3o era nada f\u00e3 da ideia de t\u00ea-la na ag\u00eancia. Nada acontece entre eles al\u00e9m de flertes. Com Mathieu, ela chega a ter um breve relacionamento, aceitando ir a Saint-Tropez com ele, mas o herdeiro termina o relacionamento ao saber se sua atra\u00e7\u00e3o por Gabriel.<\/p>\n<p>J\u00e1 na segunda temporada, a americana conhece Alfie (Lucien Laviscount), um brit\u00e2nico que faz aulas de franc\u00eas em sua turma. A qu\u00edmica entre eles vai crescendo conforme ela tenta convenc\u00ea-lo de que Paris \u00e9 uma \u00f3tima cidade, e esse se torna o relacionamento mais est\u00e1vel e saud\u00e1vel de Emily, que pela primeira vez, n\u00e3o envolve trabalho ou namorado de amiga. <\/p>\n<p>O namoro se estende at\u00e9 o fim da terceira temporada, mas acaba quando Alfie descobre que Emily e Gabriel j\u00e1 se envolveram e ainda nutrem sentimentos um pelo outro. Na quarta temporada, Gabriel e Emily, enfim, ficam juntos. Mas n\u00e3o existe mais qu\u00edmica nenhuma entre os dois, e a rela\u00e7\u00e3o chega ao fim rapidamente, porque Camille acreditava estar gr\u00e1vida dele.<\/p>\n<p>Mais uma vez solteira, Emily conhece o italiano Marcello e rapidamente os dois engatam um romance intenso. Apesar de n\u00e3o ter nenhuma rela\u00e7\u00e3o com o trabalho no in\u00edcio, sua ag\u00eancia acaba se envolvendo com a marca da fam\u00edlia do italiano. Ou seja, com exce\u00e7\u00e3o de Alfie, todos os relacionamentos influenciam diretamente em seu trabalho. E na maioria das vezes, atrapalham muitas negocia\u00e7\u00f5es importantes.<\/p>\n<p>Em quatro temporadas, vimos Emily sozinha em pouqu\u00edssimos epis\u00f3dios, e coincidentemente, foram nesses que ela mais brilhou, como no desfile de Pierre Cadault (Jean-Christophe Bouvet). \u00c9 realmente triste ver uma personagem t\u00e3o bem sucedida na vida profissional pular de rela\u00e7\u00e3o em rela\u00e7\u00e3o como se ela precisasse disso para ser socialmente validada ou para se sentir satisfeita.<\/p>\n<p>5\u00aa temporada de Emily em Paris<\/p>\n<p>A quinta temporada de Emily em Paris chega \u00e0 Netflix na pr\u00f3xima quinta-feira, 18 de dezembro, \u00e0s 4h00 (hor\u00e1rio de Bras\u00edlia). Os 10 novos epis\u00f3dios n\u00e3o ser\u00e3o divididos; a plataforma ir\u00e1 disponibilizar todos de uma vez. <\/p>\n<p>A grande maioria do elenco est\u00e1 confirmada no novo ano, a \u00fanica exce\u00e7\u00e3o \u00e9 a personagem de Camille Razat, que perdeu bastante espa\u00e7o nas duas \u00faltimas temporadas. A pr\u00f3pria atriz decidiu que era hora e encerrar de vez o arco da ex-amiga de Emily.<\/p>\n","protected":false},"excerpt":{"rendered":"Uma das coisas mais irritantes em Emily em Paris \u00e9 o fato de que desde o come\u00e7o da&hellip;\n","protected":false},"author":2,"featured_media":193067,"comment_status":"","ping_status":"","sticky":false,"template":"","format":"standard","meta":{"footnotes":""},"categories":[142],"tags":[114,115,716,32,33,941,151],"class_list":{"0":"post-193066","1":"post","2":"type-post","3":"status-publish","4":"format-standard","5":"has-post-thumbnail","7":"category-tv","8":"tag-entertainment","9":"tag-entretenimento","10":"tag-netflix","11":"tag-portugal","12":"tag-pt","13":"tag-series","14":"tag-tv"},"share_on_mastodon":{"url":"https:\/\/pubeurope.com\/@pt\/115739854466009120","error":""},"_links":{"self":[{"href":"https:\/\/www.europesays.com\/pt\/wp-json\/wp\/v2\/posts\/193066","targetHints":{"allow":["GET"]}}],"collection":[{"href":"https:\/\/www.europesays.com\/pt\/wp-json\/wp\/v2\/posts"}],"about":[{"href":"https:\/\/www.europesays.com\/pt\/wp-json\/wp\/v2\/types\/post"}],"author":[{"embeddable":true,"href":"https:\/\/www.europesays.com\/pt\/wp-json\/wp\/v2\/users\/2"}],"replies":[{"embeddable":true,"href":"https:\/\/www.europesays.com\/pt\/wp-json\/wp\/v2\/comments?post=193066"}],"version-history":[{"count":0,"href":"https:\/\/www.europesays.com\/pt\/wp-json\/wp\/v2\/posts\/193066\/revisions"}],"wp:featuredmedia":[{"embeddable":true,"href":"https:\/\/www.europesays.com\/pt\/wp-json\/wp\/v2\/media\/193067"}],"wp:attachment":[{"href":"https:\/\/www.europesays.com\/pt\/wp-json\/wp\/v2\/media?parent=193066"}],"wp:term":[{"taxonomy":"category","embeddable":true,"href":"https:\/\/www.europesays.com\/pt\/wp-json\/wp\/v2\/categories?post=193066"},{"taxonomy":"post_tag","embeddable":true,"href":"https:\/\/www.europesays.com\/pt\/wp-json\/wp\/v2\/tags?post=193066"}],"curies":[{"name":"wp","href":"https:\/\/api.w.org\/{rel}","templated":true}]}}