{"id":193088,"date":"2025-12-18T09:47:09","date_gmt":"2025-12-18T09:47:09","guid":{"rendered":"https:\/\/www.europesays.com\/pt\/193088\/"},"modified":"2025-12-18T09:47:09","modified_gmt":"2025-12-18T09:47:09","slug":"senado-aprova-projeto-de-lei-que-reduz-pena-de-bolsonaro","status":"publish","type":"post","link":"https:\/\/www.europesays.com\/pt\/193088\/","title":{"rendered":"Senado aprova projeto de lei que reduz pena de Bolsonaro"},"content":{"rendered":"<p data-remotead-prev-elm=\"true\" data-remotead-elm-id=\"inread\">O texto conhecido como PL da Dosimetria, promovido pela maioria conservadora no Congresso Nacional, pode reduzir o tempo de reclus\u00e3o de Bolsonaro para dois anos e quatro meses. O presidente Luiz In\u00e1cio Lula da Silva ainda pode vet\u00e1-lo.<\/p>\n<p>Depois de passar pela C\u00e2mara dos Deputados na semana passada, o texto foi aprovado na quarta-feira no Senado por 48 votos a favor e 25 contr\u00e1rios.<\/p>\n","protected":false},"excerpt":{"rendered":"O texto conhecido como PL da Dosimetria, promovido pela maioria conservadora no Congresso Nacional, pode reduzir o tempo&hellip;\n","protected":false},"author":2,"featured_media":193089,"comment_status":"","ping_status":"","sticky":false,"template":"","format":"standard","meta":{"footnotes":""},"categories":[50],"tags":[726,27,28,15,16,14,1125,25,26,21,22,62,12,13,19,20,23,24,17,18,29,30,31,63,64,65],"class_list":{"0":"post-193088","1":"post","2":"type-post","3":"status-publish","4":"format-standard","5":"has-post-thumbnail","7":"category-mundo","8":"tag-brasil","9":"tag-breaking-news","10":"tag-breakingnews","11":"tag-featured-news","12":"tag-featurednews","13":"tag-headlines","14":"tag-jair-bolsonaro","15":"tag-latest-news","16":"tag-latestnews","17":"tag-main-news","18":"tag-mainnews","19":"tag-mundo","20":"tag-news","21":"tag-noticias","22":"tag-noticias-principais","23":"tag-noticiasprincipais","24":"tag-principais-noticias","25":"tag-principaisnoticias","26":"tag-top-stories","27":"tag-topstories","28":"tag-ultimas","29":"tag-ultimas-noticias","30":"tag-ultimasnoticias","31":"tag-world","32":"tag-world-news","33":"tag-worldnews"},"share_on_mastodon":{"url":"https:\/\/pubeurope.com\/@pt\/115739940840700450","error":""},"_links":{"self":[{"href":"https:\/\/www.europesays.com\/pt\/wp-json\/wp\/v2\/posts\/193088","targetHints":{"allow":["GET"]}}],"collection":[{"href":"https:\/\/www.europesays.com\/pt\/wp-json\/wp\/v2\/posts"}],"about":[{"href":"https:\/\/www.europesays.com\/pt\/wp-json\/wp\/v2\/types\/post"}],"author":[{"embeddable":true,"href":"https:\/\/www.europesays.com\/pt\/wp-json\/wp\/v2\/users\/2"}],"replies":[{"embeddable":true,"href":"https:\/\/www.europesays.com\/pt\/wp-json\/wp\/v2\/comments?post=193088"}],"version-history":[{"count":0,"href":"https:\/\/www.europesays.com\/pt\/wp-json\/wp\/v2\/posts\/193088\/revisions"}],"wp:featuredmedia":[{"embeddable":true,"href":"https:\/\/www.europesays.com\/pt\/wp-json\/wp\/v2\/media\/193089"}],"wp:attachment":[{"href":"https:\/\/www.europesays.com\/pt\/wp-json\/wp\/v2\/media?parent=193088"}],"wp:term":[{"taxonomy":"category","embeddable":true,"href":"https:\/\/www.europesays.com\/pt\/wp-json\/wp\/v2\/categories?post=193088"},{"taxonomy":"post_tag","embeddable":true,"href":"https:\/\/www.europesays.com\/pt\/wp-json\/wp\/v2\/tags?post=193088"}],"curies":[{"name":"wp","href":"https:\/\/api.w.org\/{rel}","templated":true}]}}