{"id":193102,"date":"2025-12-18T10:00:10","date_gmt":"2025-12-18T10:00:10","guid":{"rendered":"https:\/\/www.europesays.com\/pt\/193102\/"},"modified":"2025-12-18T10:00:10","modified_gmt":"2025-12-18T10:00:10","slug":"a-culpa-e-da-inteligencia-artificial","status":"publish","type":"post","link":"https:\/\/www.europesays.com\/pt\/193102\/","title":{"rendered":"a culpa \u00e9 da intelig\u00eancia artificial"},"content":{"rendered":"<p>\u00c9 na mem\u00f3ria RAM que s\u00e3o armazenadas temporariamente todas as informa\u00e7\u00f5es, documentos, ficheiros, software e aplica\u00e7\u00f5es em uso.<\/p>\n<p>Quando abre uma aplica\u00e7\u00e3o no seu smartphone, esta \u00e9 carregada na RAM para um acesso r\u00e1pido. <\/p>\n<p>Quanto mais mem\u00f3ria RAM o dispositivo tiver, mais facilmente pode mudar de uma aplica\u00e7\u00e3o para outra, oferecendo fluidez e capacidade de resposta. Por outro lado, quando esta mem\u00f3ria est\u00e1 saturada, o telem\u00f3vel come\u00e7a a ficar mais lento. O mesmo princ\u00edpio aplica-se a um computador ou a uma consola de jogos.&#13;\n<\/p>\n<p>Por que motivo os pre\u00e7os da RAM est\u00e3o a subir em flecha?<br \/>\n<br \/>\nPorque a RAM, mem\u00f3ria de acesso aleat\u00f3rio, est\u00e1 agora a ser tomada pela&#8230; intelig\u00eancia artificial.<\/p>\n<p>Para alimentar os centros de dados que gerem os seus modelos, a Google, a Meta e a OpenAI consomem uma quantidade fenomenal de mem\u00f3ria. Mas n\u00e3o se contentam com a RAM &#8220;tradicional&#8221;: est\u00e3o a absorver maci\u00e7amente a HBM, a mem\u00f3ria de alta largura de banda, dif\u00edcil de produzir, mas essencial para os chips modernos. Resultado: <b>os fabricantes est\u00e3o a redirecionar as linhas de produ\u00e7\u00e3o para estes chips premium e a reduzir a produ\u00e7\u00e3o de RAM convencional, a utilizada nos nossos PCs. Assim, a oferta est\u00e1 a diminuir, mas a procura continua a ser forte entre os fabricantes de computadores, o que faz aumentar os pre\u00e7os.<\/b><\/p>\n<p>Perante o aumento dos pre\u00e7os, alguns fabricantes de computadores optaram por assegurar os seus stocks, por vezes assinando acordos plurianuais ou comprando antecipadamente em massa. Mas esta estrat\u00e9gia est\u00e1 a secar um mercado j\u00e1 de si limitado e a alimentar a espiral inflacionista.Computadores, telefones e consolas de videojogos mais caros em 2026<br \/>&#13;<br \/>\n<b>No espa\u00e7o de um ano, o pre\u00e7o de certos kits de mem\u00f3ria para PC quadruplicou. Montar ou atualizar um computador \u00e9 agora muito mais caro. <\/b>E como os fabricantes t\u00eam de fazer face \u00e0 redu\u00e7\u00e3o dos stocks e das entregas, a infla\u00e7\u00e3o dever\u00e1 em breve afetar tamb\u00e9m os aparelhos de consumo. <b>Este choque de pre\u00e7os afetar\u00e1 toda a cadeia eletr\u00f3nica, desde os PC de secret\u00e1ria e os computadores port\u00e1teis at\u00e9 aos smartphones e \u00e0s consolas de jogos.<\/b> A AMD anuncia um aumento de 10% nas suas placas gr\u00e1ficas. A HP est\u00e1 a rever em baixa as suas configura\u00e7\u00f5es. As consolas podem seguir-se: a s\u00e9rie Xbox est\u00e1 amea\u00e7ada com um aumento a partir de 2026, devido a uma falha na antecipa\u00e7\u00e3o dos custos, enquanto a Sony assegurou os stocks a tempo.<\/p>\n<p>No entanto,<b> numa primeira fase, ser\u00e3o provavelmente os smartphones e PC de gama de entrada que ser\u00e3o vendidos a um pre\u00e7o mais elevado ou que ter\u00e3o menos mem\u00f3ria.<\/b> As marcas poder\u00e3o tamb\u00e9m decidir fazer concess\u00f5es ao n\u00edvel da bateria, da c\u00e2mara ou do ecr\u00e3 destes modelos.<\/p>\n<p>Os especialistas n\u00e3o prev\u00eaem estes aumentos de pre\u00e7os at\u00e9 \u00e0 primavera, altura em que ser\u00e3o lan\u00e7ados os aparelhos atualmente em fase de montagem. O pico est\u00e1 previsto para o final do ano, com uma infla\u00e7\u00e3o que se estende por um ano e meio.Aumentos de pre\u00e7os duradouros<br \/>&#13;<br \/>\n&#13;<br \/>\n<br \/>&#13;<br \/>\nA produ\u00e7\u00e3o n\u00e3o pode ser aumentada rapidamente: a constru\u00e7\u00e3o de uma nova f\u00e1brica de mem\u00f3rias demora pelo menos dois anos e meio.<\/p>\n<p>Uma hip\u00f3tese \u00e9, portanto, um regresso gradual ao equil\u00edbrio: a partir de 2028, se as novas infraestruturas entrarem em funcionamento, a oferta poder\u00e1 aumentar e os pre\u00e7os estabilizar. \u00c9 um cen\u00e1rio lento, mas plaus\u00edvel.<\/p>\n<p>&#13;<br \/>\nHip\u00f3tese mais radical, uma bolha de IA rebentou na sequ\u00eancia de um investimento estratosf\u00e9rico sem retorno imediato. Nesse caso, a procura poderia cair vertiginosamente, levando a uma s\u00fabita defla\u00e7\u00e3o dos pre\u00e7os das mem\u00f3rias. Um cen\u00e1rio que, de acordo com alguns observadores do setor, n\u00e3o pode ser totalmente exclu\u00eddo.&#13;\n<\/p>\n<p>&#13;<br \/>\nDiane Burghelle-Vernet \/ 17 dezembro 2025 10:15 GMT&#13;\n<\/p>\n<p>&#13;<br \/>\nEdi\u00e7\u00e3o e Tradu\u00e7\u00e3o \/ Joana B\u00e9nard da Costa &#8211; RTP&#13;<\/p>\n","protected":false},"excerpt":{"rendered":"\u00c9 na mem\u00f3ria RAM que s\u00e3o armazenadas temporariamente todas as informa\u00e7\u00f5es, documentos, ficheiros, software e aplica\u00e7\u00f5es em uso.&hellip;\n","protected":false},"author":2,"featured_media":193103,"comment_status":"","ping_status":"","sticky":false,"template":"","format":"standard","meta":{"footnotes":""},"categories":[84],"tags":[109,107,108,13,32,33,420,421,105,103,104,106,110],"class_list":{"0":"post-193102","1":"post","2":"type-post","3":"status-publish","4":"format-standard","5":"has-post-thumbnail","7":"category-ciencia-e-tecnologia","8":"tag-ciencia","9":"tag-ciencia-e-tecnologia","10":"tag-cienciaetecnologia","11":"tag-noticias","12":"tag-portugal","13":"tag-pt","14":"tag-rtp","15":"tag-rtp-noticias","16":"tag-science","17":"tag-science-and-technology","18":"tag-scienceandtechnology","19":"tag-technology","20":"tag-tecnologia"},"share_on_mastodon":{"url":"https:\/\/pubeurope.com\/@pt\/115739991930559881","error":""},"_links":{"self":[{"href":"https:\/\/www.europesays.com\/pt\/wp-json\/wp\/v2\/posts\/193102","targetHints":{"allow":["GET"]}}],"collection":[{"href":"https:\/\/www.europesays.com\/pt\/wp-json\/wp\/v2\/posts"}],"about":[{"href":"https:\/\/www.europesays.com\/pt\/wp-json\/wp\/v2\/types\/post"}],"author":[{"embeddable":true,"href":"https:\/\/www.europesays.com\/pt\/wp-json\/wp\/v2\/users\/2"}],"replies":[{"embeddable":true,"href":"https:\/\/www.europesays.com\/pt\/wp-json\/wp\/v2\/comments?post=193102"}],"version-history":[{"count":0,"href":"https:\/\/www.europesays.com\/pt\/wp-json\/wp\/v2\/posts\/193102\/revisions"}],"wp:featuredmedia":[{"embeddable":true,"href":"https:\/\/www.europesays.com\/pt\/wp-json\/wp\/v2\/media\/193103"}],"wp:attachment":[{"href":"https:\/\/www.europesays.com\/pt\/wp-json\/wp\/v2\/media?parent=193102"}],"wp:term":[{"taxonomy":"category","embeddable":true,"href":"https:\/\/www.europesays.com\/pt\/wp-json\/wp\/v2\/categories?post=193102"},{"taxonomy":"post_tag","embeddable":true,"href":"https:\/\/www.europesays.com\/pt\/wp-json\/wp\/v2\/tags?post=193102"}],"curies":[{"name":"wp","href":"https:\/\/api.w.org\/{rel}","templated":true}]}}