{"id":193105,"date":"2025-12-18T10:10:09","date_gmt":"2025-12-18T10:10:09","guid":{"rendered":"https:\/\/www.europesays.com\/pt\/193105\/"},"modified":"2025-12-18T10:10:09","modified_gmt":"2025-12-18T10:10:09","slug":"socorro-novo-terror-comico-de-sam-raimi-ganha-teaser-inedito","status":"publish","type":"post","link":"https:\/\/www.europesays.com\/pt\/193105\/","title":{"rendered":"Socorro! | Novo terror c\u00f4mico de Sam Raimi ganha teaser in\u00e9dito"},"content":{"rendered":"<p class=\"wp-block-yoast-seo-estimated-reading-time yoast-reading-time__wrapper\">Estimated reading time: 2 minutos<\/p>\n<p>A <strong>20th Century Studios<\/strong> divulgou um teaser in\u00e9dito de <a href=\"https:\/\/ovicio.com.br\/tag\/socorro\/\" rel=\"nofollow noopener\" target=\"_blank\">Socorro!<\/a>, novo terror c\u00f4mico do diretor <strong>Sam Raimi<\/strong> (Homem-Aranha, A Morte do Dem\u00f4nio).<\/p>\n<p>Veja abaixo:<\/p>\n<p>Em <strong>Socorro!<\/strong>, dois colegas ficam presos em uma ilha deserta, os \u00fanicos sobreviventes de um acidente de avi\u00e3o. Na ilha, eles devem superar ressentimentos passados e trabalhar juntos para sobreviver, mas, em \u00faltima an\u00e1lise, \u00e9 uma batalha de vontades e intelig\u00eancia para sair de l\u00e1 vivos.<\/p>\n<p><a href=\"https:\/\/ovicio.com.br\/tag\/rachel-mcadams\/\" rel=\"nofollow noopener\" target=\"_blank\">Rachel McAdams<\/a> (Doutor Estranho no Multiverso da Loucura) e <a href=\"https:\/\/ovicio.com.br\/tag\/dylan-obrien\/\" rel=\"nofollow noopener\" target=\"_blank\">Dylan O&#8217;Brien<\/a> (Teen Wolf) s\u00e3o os protagonistas.<\/p>\n<p>Enquanto Raimi \u00e9 o diretor, o roteiro foi escrito por <strong>Damian Shannon<\/strong> e <strong>Mark Swift<\/strong>, dupla de <strong>Baywatch: S.O.S. Malibu<\/strong> (2017).<\/p>\n<p><strong>Socorro!<\/strong> chegar\u00e1 aos cinemas do Brasil em 12 de fevereiro de 2026.<\/p>\n<p>Leia tamb\u00e9m sobre Socorro!:<\/p>\n","protected":false},"excerpt":{"rendered":"Estimated reading time: 2 minutos A 20th Century Studios divulgou um teaser in\u00e9dito de Socorro!, novo terror c\u00f4mico&hellip;\n","protected":false},"author":2,"featured_media":193106,"comment_status":"","ping_status":"","sticky":false,"template":"","format":"standard","meta":{"footnotes":""},"categories":[140],"tags":[114,115,147,148,146,32,33,26319,26321,26322,26323],"class_list":{"0":"post-193105","1":"post","2":"type-post","3":"status-publish","4":"format-standard","5":"has-post-thumbnail","7":"category-filmes","8":"tag-entertainment","9":"tag-entretenimento","10":"tag-film","11":"tag-filmes","12":"tag-movies","13":"tag-portugal","14":"tag-pt","15":"tag-rachel-mcadams","16":"tag-sam-raimi","17":"tag-send-help","18":"tag-socorro"},"share_on_mastodon":{"url":"https:\/\/pubeurope.com\/@pt\/115740031868361212","error":""},"_links":{"self":[{"href":"https:\/\/www.europesays.com\/pt\/wp-json\/wp\/v2\/posts\/193105","targetHints":{"allow":["GET"]}}],"collection":[{"href":"https:\/\/www.europesays.com\/pt\/wp-json\/wp\/v2\/posts"}],"about":[{"href":"https:\/\/www.europesays.com\/pt\/wp-json\/wp\/v2\/types\/post"}],"author":[{"embeddable":true,"href":"https:\/\/www.europesays.com\/pt\/wp-json\/wp\/v2\/users\/2"}],"replies":[{"embeddable":true,"href":"https:\/\/www.europesays.com\/pt\/wp-json\/wp\/v2\/comments?post=193105"}],"version-history":[{"count":0,"href":"https:\/\/www.europesays.com\/pt\/wp-json\/wp\/v2\/posts\/193105\/revisions"}],"wp:featuredmedia":[{"embeddable":true,"href":"https:\/\/www.europesays.com\/pt\/wp-json\/wp\/v2\/media\/193106"}],"wp:attachment":[{"href":"https:\/\/www.europesays.com\/pt\/wp-json\/wp\/v2\/media?parent=193105"}],"wp:term":[{"taxonomy":"category","embeddable":true,"href":"https:\/\/www.europesays.com\/pt\/wp-json\/wp\/v2\/categories?post=193105"},{"taxonomy":"post_tag","embeddable":true,"href":"https:\/\/www.europesays.com\/pt\/wp-json\/wp\/v2\/tags?post=193105"}],"curies":[{"name":"wp","href":"https:\/\/api.w.org\/{rel}","templated":true}]}}