{"id":19311,"date":"2025-08-07T05:15:08","date_gmt":"2025-08-07T05:15:08","guid":{"rendered":"https:\/\/www.europesays.com\/pt\/19311\/"},"modified":"2025-08-07T05:15:08","modified_gmt":"2025-08-07T05:15:08","slug":"benfica-com-entrada-nice-na-champions","status":"publish","type":"post","link":"https:\/\/www.europesays.com\/pt\/19311\/","title":{"rendered":"Benfica com entrada \u2018nice\u2019 na Champions"},"content":{"rendered":"<p itemprop=\"description\" class=\"article-lead\">\n      Um golo do estreante Ivanovic e outro de Florentino a acabar ditaram o triunfo do Benfica em Nice (2-0), que deixa os lisboetas mais perto do play-off de acesso \u00e0 fase de liga da &#8216;Champions&#8217;.<\/p>\n<p itemprop=\"text\" class=\"article-body\">\n      A nova aquisi\u00e7\u00e3o para o ataque \u2018encarnado\u2019 mostrou-se logo na estreia a titular, quando abriu o ativo aos 53 minutos, antes do suplente utilizado Florentino dilatar a vantagem (88), no sul de Fran\u00e7a.<\/p>\n<p>\u00c0 procura de se juntar ao bicampe\u00e3o portugu\u00eas Sporting na fase de liga da Liga dos Campe\u00f5es, as &#8216;\u00e1guias&#8217; entraram na Allianz Riviera com um \u2018onze\u2019 praticamente igual \u00e0quele que bateu o \u2018le\u00f5es\u2019 (1-0) na Superta\u00e7a, em Faro.<\/p>\n<p>As exce\u00e7\u00f5es foram o luxemburgu\u00eas Leandro Barreiro e o turco Akturkoglu, que sofreu uma entorse no tornozelo direito, e que deram lugar ao noruegu\u00eas Schjelderup e ao croata Franjo Ivanovic, que se estreou de \u2018\u00e1guia\u2019 ao peito.<\/p>\n<p>E foi precisamente pelo p\u00e9 esquerdo do Schjelderup que a equipa comandada por Bruno Lage, que n\u00e3o contou com o apoio dos adeptos na zona destinada no recinto, face a um castigo imposto pela UEFA, que aconteceu a primeira ocasi\u00e3o de golo.<\/p>\n<p>O noruegu\u00eas aproveitou as facilidades concedidas pelo defesa Mendy, que parecia ter o lance controlado, e rematou cruzado, com a bola a ser desviada e a sair por cima da baliza.<\/p>\n<p>O Nice, que chegou \u00e0 qualifica\u00e7\u00e3o para a fase de liga da \u2018Champions\u2019 de 2025\/26 como quarto classificado na Liga francesa, mostrava dificuldades em anular as investidas \u2018encarnadas\u2019, que s\u00f3 n\u00e3o faziam estragos na baliza, porque acabava por haver m\u00e1s decis\u00f5es no \u00faltimo ter\u00e7o.<\/p>\n<p>Uma nova tentativa, agora na cobran\u00e7a de um livre direto, esteve perto de desfazer o \u2018nulo\u2019, s\u00f3 que o guarda-redes Yehvann Diouf disse \u2018presente\u2019 ao defender a bola forte batida pelo colombiano R\u00edos.<\/p>\n<p>Os franceses tamb\u00e9m tinham as suas aproxima\u00e7\u00f5es \u00e0 baliza, mas, \u00e0 semelhan\u00e7a do Benfica, fracassavam na altura decisiva, com Trubin a n\u00e3o sofrer sobressaltos de maior.<\/p>\n<p>J\u00e1 perto do tempo de descanso, o grego Vangelis Pavlidis esteve quase a assinar o 1-0, por\u00e9m, o ponta de lan\u00e7a foi desastroso na tentativa de finaliza\u00e7\u00e3o, quando tinha obriga\u00e7\u00e3o de faturar.<\/p>\n<p>No recome\u00e7o, o Benfica marcou, finalmente, na primeira ocasi\u00e3o de que disp\u00f4s e logo pelo estreante avan\u00e7ado croata Ivanovic, que beneficiou da desaten\u00e7\u00e3o dos centrais para corresponder com efic\u00e1cia ao bom cruzamento do m\u00e9dio Aursnes.<\/p>\n<p>Pouco depois, o jogador contratado aos belgas do Union St. Gilloise podia ter marcado por mais duas vezes, n\u00e3o fosse a displic\u00eancia a rematar, nomeadamente na primeira tentativa. Depois, tirou um opoente do caminho, ap\u00f3s ser servido por Barrenechea, e permitiu a defesa a Diouf, o melhor dos anfitri\u00f5es.<\/p>\n<p>Ap\u00f3s as oportunidades desperdi\u00e7adas, ficou evidente que o Benfica preferiu agarrar-se \u00e0 vantagem m\u00ednima, baixando linhas e refor\u00e7ando o meio-campo com as entradas de Leandro Barreiro e Florentino, para os lugares de Ivanovic e Barrenechea, respetivamente. Henrique Ara\u00fajo tamb\u00e9m foi a jogo, j\u00e1 depois de Prestianni ter rendido o amarelado Schjelderup.<\/p>\n<p>A acabar, Florentino surpreendeu todos com um gola\u00e7o do \u2018meio da rua\u2019, selando o triunfo muito importante para encarar a segunda m\u00e3o, que ter\u00e1 lugar no Est\u00e1dio da Luz, em Lisboa, dentro de uma semana, pelas 20:00.<\/p>\n<p>(Com Lusa)<br \/>&#13;\n<\/p>\n<p>&#13;<br \/>\n(Foto: Miguel Medina\/AFP)<br \/>&#13;<\/p>\n","protected":false},"excerpt":{"rendered":"Um golo do estreante Ivanovic e outro de Florentino a acabar ditaram o triunfo do Benfica em Nice&hellip;\n","protected":false},"author":2,"featured_media":19312,"comment_status":"","ping_status":"","sticky":false,"template":"","format":"standard","meta":{"footnotes":""},"categories":[87],"tags":[135,13,32,33,420,421,134],"class_list":{"0":"post-19311","1":"post","2":"type-post","3":"status-publish","4":"format-standard","5":"has-post-thumbnail","7":"category-desporto","8":"tag-desporto","9":"tag-noticias","10":"tag-portugal","11":"tag-pt","12":"tag-rtp","13":"tag-rtp-noticias","14":"tag-sports"},"share_on_mastodon":{"url":"","error":""},"_links":{"self":[{"href":"https:\/\/www.europesays.com\/pt\/wp-json\/wp\/v2\/posts\/19311","targetHints":{"allow":["GET"]}}],"collection":[{"href":"https:\/\/www.europesays.com\/pt\/wp-json\/wp\/v2\/posts"}],"about":[{"href":"https:\/\/www.europesays.com\/pt\/wp-json\/wp\/v2\/types\/post"}],"author":[{"embeddable":true,"href":"https:\/\/www.europesays.com\/pt\/wp-json\/wp\/v2\/users\/2"}],"replies":[{"embeddable":true,"href":"https:\/\/www.europesays.com\/pt\/wp-json\/wp\/v2\/comments?post=19311"}],"version-history":[{"count":0,"href":"https:\/\/www.europesays.com\/pt\/wp-json\/wp\/v2\/posts\/19311\/revisions"}],"wp:featuredmedia":[{"embeddable":true,"href":"https:\/\/www.europesays.com\/pt\/wp-json\/wp\/v2\/media\/19312"}],"wp:attachment":[{"href":"https:\/\/www.europesays.com\/pt\/wp-json\/wp\/v2\/media?parent=19311"}],"wp:term":[{"taxonomy":"category","embeddable":true,"href":"https:\/\/www.europesays.com\/pt\/wp-json\/wp\/v2\/categories?post=19311"},{"taxonomy":"post_tag","embeddable":true,"href":"https:\/\/www.europesays.com\/pt\/wp-json\/wp\/v2\/tags?post=19311"}],"curies":[{"name":"wp","href":"https:\/\/api.w.org\/{rel}","templated":true}]}}