{"id":193114,"date":"2025-12-18T10:19:14","date_gmt":"2025-12-18T10:19:14","guid":{"rendered":"https:\/\/www.europesays.com\/pt\/193114\/"},"modified":"2025-12-18T10:19:14","modified_gmt":"2025-12-18T10:19:14","slug":"a-recuperar-de-avc-nuno-markl-regressa-a-radio-em-programa-muito-especial","status":"publish","type":"post","link":"https:\/\/www.europesays.com\/pt\/193114\/","title":{"rendered":"A recuperar de AVC, Nuno Markl regressa \u00e0 radio&#8230; em programa muito especial!"},"content":{"rendered":"<p>Aproximadamente um m\u00eas depois de ter sofrido um AVC, <a href=\"https:\/\/selfie.iol.pt\/famosos\/nuno-markl\/nuno-markl-recebe-visita-especial-tem-de-haver-paciencia-neste-processo\/20251212\/693c0eb7d34e3caad84c4e3a\" target=\"_blank\" rel=\"nofollow noopener\">Nuno Markl<\/a>, de 54 anos, continua hospitalizado. No entanto, o humorista prepara-se para regressar de forma especial \u00e0 R\u00e1dio Comercial.<\/p>\n<p>Ao lado de Pedro Ribeiro, Nuno Markl vai conduzir um epis\u00f3dio especial de &#8220;Um Belo Par De Jarras&#8221;. &#8220;Vamos poder ouvir as escolhas do <a href=\"https:\/\/selfie.iol.pt\/famosos\/rob-reiner\/internado-nuno-markl-lamenta-morte-devo-os-a-ele\/20251215\/69402243d34e2bd5c6d51f47\" target=\"_blank\" rel=\"nofollow noopener\">Nuno Markl<\/a> e do Pedro Ribeiro para este Natal!&#8221;, anunciou a esta\u00e7\u00e3o, no Instagram, referindo ainda que o programa est\u00e1 marcado para as 23:00 horas da pr\u00f3xima sexta-feira, dia 19.<\/p>\n<p>Segundo foi revelado no formato &#8220;Manh\u00e3s da Comercial&#8221;, o programa ser\u00e1 gravado a partir da unidade de sa\u00fade onde o tamb\u00e9m guionista est\u00e1 a recuperar.<\/p>\n<blockquote class=\"instagram-media\" data-instgrm-captioned=\"\" data-instgrm-permalink=\"https:\/\/www.instagram.com\/reel\/DSXJkYxE5vV\/?utm_source=ig_embed&amp;utm_campaign=loading\" data-instgrm-version=\"14\" style=\" background:#FFF; border:0; border-radius:3px; box-shadow:0 0 1px 0 rgba(0,0,0,0.5),0 1px 10px 0 rgba(0,0,0,0.15); margin: 1px; max-width:540px; min-width:326px; padding:0; width:99.375%; width:-webkit-calc(100% - 2px); width:calc(100% - 2px);\">\n<\/blockquote>\n<p>\u00a0<\/p>\n<p>                        <script async src=\"\/\/www.instagram.com\/embed.js\"><\/script><\/p>\n","protected":false},"excerpt":{"rendered":"Aproximadamente um m\u00eas depois de ter sofrido um AVC, Nuno Markl, de 54 anos, continua hospitalizado. No entanto,&hellip;\n","protected":false},"author":2,"featured_media":193115,"comment_status":"","ping_status":"","sticky":false,"template":"","format":"standard","meta":{"footnotes":""},"categories":[145],"tags":[1493,211,210,2382,114,115,980,1789,6250,1015,619,11435,28802,32,33,766,5590,117,1012],"class_list":{"0":"post-193114","1":"post","2":"type-post","3":"status-publish","4":"format-standard","5":"has-post-thumbnail","7":"category-celebridades","8":"tag-avc","9":"tag-celebridades","10":"tag-celebrities","11":"tag-comercial","12":"tag-entertainment","13":"tag-entretenimento","14":"tag-famosos","15":"tag-hospital","16":"tag-humorista","17":"tag-instagram","18":"tag-nacional","19":"tag-nuno-markl","20":"tag-pedro-ribeiro","21":"tag-portugal","22":"tag-pt","23":"tag-radio","24":"tag-radio-comercial","25":"tag-saude","26":"tag-selfie"},"share_on_mastodon":{"url":"https:\/\/pubeurope.com\/@pt\/115740066630696046","error":""},"_links":{"self":[{"href":"https:\/\/www.europesays.com\/pt\/wp-json\/wp\/v2\/posts\/193114","targetHints":{"allow":["GET"]}}],"collection":[{"href":"https:\/\/www.europesays.com\/pt\/wp-json\/wp\/v2\/posts"}],"about":[{"href":"https:\/\/www.europesays.com\/pt\/wp-json\/wp\/v2\/types\/post"}],"author":[{"embeddable":true,"href":"https:\/\/www.europesays.com\/pt\/wp-json\/wp\/v2\/users\/2"}],"replies":[{"embeddable":true,"href":"https:\/\/www.europesays.com\/pt\/wp-json\/wp\/v2\/comments?post=193114"}],"version-history":[{"count":0,"href":"https:\/\/www.europesays.com\/pt\/wp-json\/wp\/v2\/posts\/193114\/revisions"}],"wp:featuredmedia":[{"embeddable":true,"href":"https:\/\/www.europesays.com\/pt\/wp-json\/wp\/v2\/media\/193115"}],"wp:attachment":[{"href":"https:\/\/www.europesays.com\/pt\/wp-json\/wp\/v2\/media?parent=193114"}],"wp:term":[{"taxonomy":"category","embeddable":true,"href":"https:\/\/www.europesays.com\/pt\/wp-json\/wp\/v2\/categories?post=193114"},{"taxonomy":"post_tag","embeddable":true,"href":"https:\/\/www.europesays.com\/pt\/wp-json\/wp\/v2\/tags?post=193114"}],"curies":[{"name":"wp","href":"https:\/\/api.w.org\/{rel}","templated":true}]}}