{"id":193120,"date":"2025-12-18T10:28:12","date_gmt":"2025-12-18T10:28:12","guid":{"rendered":"https:\/\/www.europesays.com\/pt\/193120\/"},"modified":"2025-12-18T10:28:12","modified_gmt":"2025-12-18T10:28:12","slug":"xiaomi-imagens-revelam-proximo-smartphone-acessivel-que-deve-chegar-a-portugal","status":"publish","type":"post","link":"https:\/\/www.europesays.com\/pt\/193120\/","title":{"rendered":"Xiaomi: imagens revelam pr\u00f3ximo smartphone acess\u00edvel que deve chegar a Portugal"},"content":{"rendered":"<p class=\"leading\">\n                A Xiaomi prepara o lan\u00e7amento global da s\u00e9rie POCO M8 para o primeiro m\u00eas de 2026. Antes do lan\u00e7amento foram reveladas as especifica\u00e7\u00f5es e imagens dos novos modelos.            <\/p>\n<p>        <img decoding=\"async\" alt=\"POCO M8\" height=\"900\" src=\"https:\/\/www.europesays.com\/pt\/wp-content\/uploads\/2025\/12\/conjunto-poco-m8-designer-credito-winfuture.jpg\" width=\"1600\" fetchpriority=\"high\"\/><br \/>\nPOCO M8 Cr\u00e9dito@WinFuture<\/p>\n<p><a href=\"https:\/\/whatsapp.com\/channel\/0029Va54F7B7j6gBNXobAM16\" rel=\"nofollow noopener\" class=\"banner-deals mb20 banner-deals-rotation banner-deals-rotation--whatsapp\" target=\"_blank\"><\/p>\n<p>        Entra no nosso canal Whatsapp<br \/>e recebe as melhores ofertas<\/p>\n<p>        ENTRAR\n    <\/p>\n<p><\/a><br \/>\nPOCO M8 e M8 Pro seguem o mesmo design e op\u00e7\u00f5es de cor<\/p>\n<p>Ainda que as aten\u00e7\u00f5es estejam mais concentradas no lan\u00e7amento do <a href=\"https:\/\/4gnews.pt\/novo-xiaomi-pode-ter-grande-mudanca-que-ninguem-esperava\/\" rel=\"nofollow noopener\" target=\"_blank\">Xiaomi 17 Ultra<\/a>, a submarca POCO est\u00e1 tamb\u00e9m a dar que falar com a nova s\u00e9rie M8 que ser\u00e1 lan\u00e7ada j\u00e1 em janeiro de 2026.<\/p>\n<p>Depois de ter surgido em v\u00e1rias <a href=\"https:\/\/4gnews.pt\/o-telemovel-acessivel-da-xiaomi-que-devera-chegar-em-breve-a-portugal-e-nao-so\/\" rel=\"nofollow noopener\" target=\"_blank\">plataformas de certifica\u00e7\u00e3o internacional<\/a> que garantem a sua chegada ao mercado global, a s\u00e9rie POCO M8 foi agora totalmente revelada em imagens. A cortesia \u00e9 do <a href=\"https:\/\/winfuture.de\/news,155657.html\" rel=\"nofollow noopener\" target=\"_blank\">site Winfuture<\/a> que mostra que ambos os modelos v\u00e3o ter o mesmo design e as mesmas op\u00e7\u00f5es de cor.<\/p>\n<p><img decoding=\"async\" alt=\"Tr\u00eas variantes do POCO M8\" height=\"503\" width=\"605\" class=\"lazyload\" src=\"https:\/\/www.europesays.com\/pt\/wp-content\/uploads\/2025\/12\/primeira-imagem-poco-m8-credito-winfuture.jpg\" loading=\"lazy\"\/><br \/>\nTanto o POCO M8 como o M8 Pro v\u00e3o estar dispon\u00edveis nas cores mostradas nesta imagem Cr\u00e9dito@WinFuture<\/p>\n<p>Tal como podemos ver pelas imagens divulgadas, o m\u00f3dulo de c\u00e2mara traseira da s\u00e9rie POCO M8 tem uma forte inspira\u00e7\u00e3o num modelo da marca j\u00e1 bem conhecido, o POCO X7. As imagens mostram tamb\u00e9m que v\u00e3o estar dispon\u00edveis tr\u00eas variantes de cor: preto, azul e uma terceira variante bicolor em preto e prata.<\/p>\n<p>Especifica\u00e7\u00f5es esperadas no POCO M8 e M8 Pro<\/p>\n<p>De acordo com as informa\u00e7\u00f5es divulgadas, o POCO M8 Pro vai chegar \u00e0 Europa com uma bateria de 6.500 mAh com suporte para carregamento r\u00e1pido de 100 watts: j\u00e1 o modelo base ter\u00e1 uma bateria de 5.520 mAh com carregamento de 45 watts.<\/p>\n<p>V\u00e3o tamb\u00e9m ter processadores diferentes. O modelo Pro chega com o Snapdragon 7s gen 4 e o modelo base com o Snapdragon 6 de terceira gera\u00e7\u00e3o. O primeiro ter\u00e1 8 e 12 GB de capacidade na mem\u00f3ria RAM e de at\u00e9 512 GB no armazenamento interno enquanto o base M8 ter\u00e1 apenas uma vers\u00e3o que combina 8 GB de RAM e um armazenamento de 256 GB.<\/p>\n<p>De resto, o M8 Pro ter\u00e1 um ecr\u00e3 maior com 6,83 polegadas e certifica\u00e7\u00e3o IP68 para resist\u00eancia a \u00e1gua e p\u00f3, com o modelo base a ter um ecr\u00e3 mais pequeno de 6,77 polegadas e uma certifica\u00e7\u00e3o IP65 que \u00e9 menos abrangente. Para j\u00e1, ainda n\u00e3o h\u00e1 informa\u00e7\u00f5es sobre o pre\u00e7o que v\u00e3o adotar no mercado europeu.<\/p>\n<p>Em alternativa<br \/>\n<a href=\"https:\/\/amzn.to\/4aU1dUy\" target=\"_blank\" rel=\"nofollow noreferrer noopener\"><img decoding=\"async\" alt=\"Xiaomi POCO X7\" height=\"488\" width=\"650\" class=\"lazyload\" src=\"https:\/\/www.europesays.com\/pt\/wp-content\/uploads\/2025\/08\/61ct3fptzml-ac-sx679.jpg\" loading=\"lazy\"\/><\/a><\/p>\n<p><a class=\"affiliate-title\" href=\"https:\/\/amzn.to\/4aU1dUy\" target=\"_blank\" rel=\"nofollow noreferrer noopener\">Xiaomi POCO X7 <\/a>ecr\u00e3 6,67&#8243; AMOLED 1.5K, bateria 5110 mAh, c\u00e2mara 50 MP, carga turbo 45W<\/p>\n<p>199,99 \u20acAmazon<\/p>\n<p>299,90 \u20ac-33%<\/p>\n<p><a href=\"https:\/\/amzn.to\/3Y5nrvk\" target=\"_blank\" rel=\"nofollow noreferrer noopener\"><img decoding=\"async\" alt=\"XIAOMI POCO X7 Pro 12+256 GB\" height=\"488\" width=\"650\" class=\"lazyload\" src=\"https:\/\/www.europesays.com\/pt\/wp-content\/uploads\/2025\/12\/xiaomi-poco-x7-pro-12-256-gb-41tgj6ew3xl-sl500.jpg\" loading=\"lazy\"\/><\/a><\/p>\n<p>269,99 \u20acAmazon<\/p>\n<p>399,90 \u20ac-32%<\/p>\n<p class=\"inline-related-title\">Editores 4gnews recomendam:<\/p>\n","protected":false},"excerpt":{"rendered":"A Xiaomi prepara o lan\u00e7amento global da s\u00e9rie POCO M8 para o primeiro m\u00eas de 2026. Antes do&hellip;\n","protected":false},"author":2,"featured_media":193121,"comment_status":"","ping_status":"","sticky":false,"template":"","format":"standard","meta":{"footnotes":""},"categories":[84],"tags":[109,107,108,32,33,105,103,104,106,110],"class_list":{"0":"post-193120","1":"post","2":"type-post","3":"status-publish","4":"format-standard","5":"has-post-thumbnail","7":"category-ciencia-e-tecnologia","8":"tag-ciencia","9":"tag-ciencia-e-tecnologia","10":"tag-cienciaetecnologia","11":"tag-portugal","12":"tag-pt","13":"tag-science","14":"tag-science-and-technology","15":"tag-scienceandtechnology","16":"tag-technology","17":"tag-tecnologia"},"share_on_mastodon":{"url":"https:\/\/pubeurope.com\/@pt\/115740102555306409","error":""},"_links":{"self":[{"href":"https:\/\/www.europesays.com\/pt\/wp-json\/wp\/v2\/posts\/193120","targetHints":{"allow":["GET"]}}],"collection":[{"href":"https:\/\/www.europesays.com\/pt\/wp-json\/wp\/v2\/posts"}],"about":[{"href":"https:\/\/www.europesays.com\/pt\/wp-json\/wp\/v2\/types\/post"}],"author":[{"embeddable":true,"href":"https:\/\/www.europesays.com\/pt\/wp-json\/wp\/v2\/users\/2"}],"replies":[{"embeddable":true,"href":"https:\/\/www.europesays.com\/pt\/wp-json\/wp\/v2\/comments?post=193120"}],"version-history":[{"count":0,"href":"https:\/\/www.europesays.com\/pt\/wp-json\/wp\/v2\/posts\/193120\/revisions"}],"wp:featuredmedia":[{"embeddable":true,"href":"https:\/\/www.europesays.com\/pt\/wp-json\/wp\/v2\/media\/193121"}],"wp:attachment":[{"href":"https:\/\/www.europesays.com\/pt\/wp-json\/wp\/v2\/media?parent=193120"}],"wp:term":[{"taxonomy":"category","embeddable":true,"href":"https:\/\/www.europesays.com\/pt\/wp-json\/wp\/v2\/categories?post=193120"},{"taxonomy":"post_tag","embeddable":true,"href":"https:\/\/www.europesays.com\/pt\/wp-json\/wp\/v2\/tags?post=193120"}],"curies":[{"name":"wp","href":"https:\/\/api.w.org\/{rel}","templated":true}]}}