{"id":193140,"date":"2025-12-18T10:46:15","date_gmt":"2025-12-18T10:46:15","guid":{"rendered":"https:\/\/www.europesays.com\/pt\/193140\/"},"modified":"2025-12-18T10:46:15","modified_gmt":"2025-12-18T10:46:15","slug":"policia-continua-a-procura-de-homicida-de-fisico-portugues-observador","status":"publish","type":"post","link":"https:\/\/www.europesays.com\/pt\/193140\/","title":{"rendered":"Pol\u00edcia continua \u00e0 procura de homicida de f\u00edsico portugu\u00eas \u2013 Observador"},"content":{"rendered":"<p>A pol\u00edcia <strong>intensificou<\/strong> nesta quinta-feira as <strong>buscas para deter o suspeito<\/strong> do homic\u00eddio do professor do MIT Nuno F.G. Loureiro, dois dias ap\u00f3s <a href=\"https:\/\/observador.pt\/2025\/12\/16\/fisico-portugues-que-dirigia-laboratorio-no-mit-morto-a-tiro-em-boston-diz-ministerio-dos-negocios-estrangeiros\/\" rel=\"nofollow noopener\" target=\"_blank\">este ter sido assassinado a tiro em casa<\/a>, nos arredores de Boston.<\/p>\n<p>Loureiro, um f\u00edsico e cientista de fus\u00e3o de 47 anos, foi morto na segunda-feira \u00e0 noite no seu apartamento em Brookline, Massachusetts. Morreu num hospital local na ter\u00e7a-feira, disse o Gabinete do Procurador do Distrito de Norfolk em comunicado.<\/p>\n<p>O gabinete do procurador adiantou que a investiga\u00e7\u00e3o do homic\u00eddio estava \u201c<strong>ativa e em curso<\/strong>\u201d no in\u00edcio da tarde de quarta-feira e que n\u00e3o havia atualiza\u00e7\u00f5es \u2014\u00a0anteriormente, tinham dito que nenhum suspeito estava preso.<\/p>\n<p>A investiga\u00e7\u00e3o sobre a morte do professor do MIT (Massachusetts Institute of Technology) ocorre enquanto a Brown University, outra institui\u00e7\u00e3o prestigiada, a apenas 80 quil\u00f3metros (50 milhas) de dist\u00e2ncia, em Providence, Rhode Island, se recupera de um tiroteio n\u00e3o resolvido, <a href=\"https:\/\/observador.pt\/2025\/12\/17\/segunda-pessoa-procurada-por-suspeita-de-autoria-do-tiroteio-em-brown\/\" rel=\"nofollow noopener\" target=\"_blank\">que matou dois estudantes e feriu nove outros no s\u00e1bado<\/a>.<\/p>\n<p>Na ter\u00e7a-feira, os investigadores n\u00e3o deram qualquer indica\u00e7\u00e3o de que estivessem mais pr\u00f3ximos de esclarecer o caso. A investiga\u00e7\u00e3o centra-se na <strong>identidade do atirador<\/strong>. O <strong>FBI<\/strong> disse na ter\u00e7a-feira que n\u00e3o sabia de qualquer liga\u00e7\u00e3o entre os crimes.<\/p>\n<blockquote class=\"wp-embedded-content\" data-secret=\"Yi4pAzpp1u\">\n<p><a href=\"https:\/\/observador.pt\/2025\/12\/16\/fisico-portugues-que-dirigia-laboratorio-no-mit-morto-a-tiro-em-boston-diz-ministerio-dos-negocios-estrangeiros\/\" rel=\"nofollow noopener\" target=\"_blank\">F\u00edsico nuclear portugu\u00eas que dirigia laborat\u00f3rio no MIT morto a tiro em Brookline. Foi encontrado com v\u00e1rios ferimentos de bala em casa<\/a><\/p>\n<\/blockquote>\n<p>Entretanto, dezenas de pessoas reuniram-se fora do pr\u00e9dio de Loureiro na noite de ter\u00e7a-feira, muitas com velas na m\u00e3o, para <strong>homenagear a vida do professor<\/strong> e apoiar a sua fam\u00edlia. Os vizinhos receberam avisos em papel presos \u00e0s portas com fita para colocar velas nas suas janelas em homenagem ao professor.<\/p>\n<p>Algumas pessoas choraram e apoiaram-se umas \u00e0s outras, mas a maioria dos presentes manteve-se em sil\u00eancio, a sua respira\u00e7\u00e3o era vis\u00edvel no frio rigoroso. Algumas crian\u00e7as vieram de trotinetes de casas pr\u00f3ximas para o encontro.<\/p>\n<p>O homic\u00eddio aconteceu quando a maioria dos estudantes do MIT estava de f\u00e9rias de inverno, e mais de uma dezena deles no campus de Cambridge n\u00e3o quis falar sobre o assunto. A maioria disse que n\u00e3o o conhecia.<\/p>\n<p>Uma estudante de 22 anos na Universidade de Boston, que vive perto do apartamento de Loureiro em Brookline, <a href=\"https:\/\/www.bostonglobe.com\/2025\/12\/16\/metro\/brookline-shooting-gibbs-street\/\" rel=\"nofollow noopener\" target=\"_blank\">disse ao The Boston Globe<\/a> que ouviu tr\u00eas ru\u00eddos fortes na segunda-feira \u00e0 noite e temeu que fosse disparo de arma de fogo. \u201cNunca tinha ouvido nada t\u00e3o alto, ent\u00e3o presumi que eram \u2018tiros\u201d, citou Liv Schachner.<\/p>\n<p><strong>\u201c\u00c9 dif\u00edcil de compreender. Parece apenas que continua a acontecer.\u201d<\/strong><\/p>\n<p>Loureiro, que era casado, juntou-se ao MIT em 2016 e foi nomeado no ano passado para liderar o Centro de Ci\u00eancia do Plasma e Fus\u00e3o do MIT, onde trabalhou para promover a tecnologia de energias limpas e outras \u00e1reas de investiga\u00e7\u00e3o.<\/p>\n<p>O centro, um dos maiores laborat\u00f3rios da escola, tinha mais de 250 pessoas a trabalhar em sete edif\u00edcios quando ele assumiu o comando.<\/p>\n<p>Loureiro era professor de f\u00edsica e engenharia nuclear e de ci\u00eancias.<\/p>\n<p>Cresceu em Viseu, no centro de Portugal, e estudou em Lisboa antes de obter um doutoramento em Londres, segundo o MIT. Foi investigador num instituto de fus\u00e3o nuclear em Lisboa, antes de se juntar ao MIT, disse a universidade. \u201cEle <strong>iluminava com intensidade<\/strong> como mentor, amigo, professor, colega e l\u00edder, e era <strong>universalmente admirado pelo seu modo articulado e compassivo<\/strong>\u201c, disse Dennis Whyte, professor de engenharia que anteriormente liderou o Centro de Ci\u00eancia do Plasma e Fus\u00e3o do MIT, <a href=\"https:\/\/news.mit.edu\/2025\/nuno-loureiro-professor-director-plasma-science-and-fusion-center-dies-1216\" rel=\"nofollow noopener\" target=\"_blank\">a uma publica\u00e7\u00e3o do campus<\/a>.<\/p>\n<p>A presidente do MIT, Sally Kornbluth, afirmou num comunicado que o assassinato foi uma \u201c<strong>perda chocante<\/strong>\u201c.<\/p>\n<p>O gabinete do Presidente portugu\u00eas <strong>Marcelo Rebelo de Sousa<\/strong> tamb\u00e9m <a href=\"https:\/\/www.presidencia.pt\/atualidade\/toda-a-atualidade\/2025\/12\/presidente-da-republica-manifesta-pesar-pela-morte-de-nuno-loureiro\/\" rel=\"nofollow noopener\" target=\"_blank\">emitiu um comunicado de condol\u00eancias<\/a>, considerando a morte de Loureiro \u201cuma <strong>perda irrepar\u00e1vel<\/strong> para a ci\u00eancia e para todos aqueles com quem trabalhou e conviveu.\u201d<\/p>\n<p>Loureiro tinha dito que esperava que o seu trabalho moldasse o futuro. \u201cN\u00e3o \u00e9 exagero dizer que o MIT \u00e9 o lugar onde se vai para encontrar solu\u00e7\u00f5es para os maiores problemas da humanidade,\u201d afirmou quando foi nomeado para liderar o laborat\u00f3rio de ci\u00eancia do plasma no ano passado. \u201cA energia de fus\u00e3o ir\u00e1 <strong>mudar o rumo da hist\u00f3ria da humanidade<\/strong>\u201c, acrescentou.<\/p>\n<p>A morte do f\u00edsico Nuno Loureiro foi anunciada em Portugal pelo ministro dos Neg\u00f3cios Estrangeiros, Paulo Rangel, durante uma audi\u00e7\u00e3o parlamentar, sem avan\u00e7ar mais informa\u00e7\u00f5es.<\/p>\n<p>O Instituto Superior T\u00e9cnico (IST), em Lisboa, onde o f\u00edsico se formou e fez investiga\u00e7\u00e3o, lembrou, em comunicado, o \u201ccolega brilhante com quem era um prazer cient\u00edfico e pessoal colaborar\u201d.<\/p>\n<p><a href=\"https:\/\/tecnico.ulisboa.pt\/pt\/noticias\/alumnus-do-tecnico-nomeado-diretor-de-um-dos-maiores-laboratorios-do-mit\/\" rel=\"nofollow noopener\" target=\"_blank\">Citado em 2024 pelo IST<\/a>, Nuno Loureiro defendia que \u201ca energia de fus\u00e3o ir\u00e1 mudar o curso da hist\u00f3ria da humanidade\u201d.<\/p>\n<p>Nos Estados Unidos recebeu, em 2017, o Pr\u00e9mio Carreira da Funda\u00e7\u00e3o Nacional de Ci\u00eancia e, mais recentemente, em 2025, o Pr\u00e9mio Presidencial de In\u00edcio de Carreira para Cientistas e Engenheiros, concedido em janeiro pelo ent\u00e3o <strong>Presidente Joe Biden<\/strong>.<\/p>\n","protected":false},"excerpt":{"rendered":"A pol\u00edcia intensificou nesta quinta-feira as buscas para deter o suspeito do homic\u00eddio do professor do MIT Nuno&hellip;\n","protected":false},"author":2,"featured_media":193141,"comment_status":"","ping_status":"","sticky":false,"template":"","format":"standard","meta":{"footnotes":""},"categories":[8],"tags":[624,27,28,442,623,15,16,14,25,26,21,22,5884,62,12,13,19,20,32,23,24,33,17,18,29,30,31],"class_list":{"0":"post-193140","1":"post","2":"type-post","3":"status-publish","4":"format-standard","5":"has-post-thumbnail","7":"category-principais-noticias","8":"tag-amu00e9rica","9":"tag-breaking-news","10":"tag-breakingnews","11":"tag-ciu00eancia","12":"tag-estados-unidos-da-amu00e9rica","13":"tag-featured-news","14":"tag-featurednews","15":"tag-headlines","16":"tag-latest-news","17":"tag-latestnews","18":"tag-main-news","19":"tag-mainnews","20":"tag-mit","21":"tag-mundo","22":"tag-news","23":"tag-noticias","24":"tag-noticias-principais","25":"tag-noticiasprincipais","26":"tag-portugal","27":"tag-principais-noticias","28":"tag-principaisnoticias","29":"tag-pt","30":"tag-top-stories","31":"tag-topstories","32":"tag-ultimas","33":"tag-ultimas-noticias","34":"tag-ultimasnoticias"},"share_on_mastodon":{"url":"https:\/\/pubeurope.com\/@pt\/115740173021508735","error":""},"_links":{"self":[{"href":"https:\/\/www.europesays.com\/pt\/wp-json\/wp\/v2\/posts\/193140","targetHints":{"allow":["GET"]}}],"collection":[{"href":"https:\/\/www.europesays.com\/pt\/wp-json\/wp\/v2\/posts"}],"about":[{"href":"https:\/\/www.europesays.com\/pt\/wp-json\/wp\/v2\/types\/post"}],"author":[{"embeddable":true,"href":"https:\/\/www.europesays.com\/pt\/wp-json\/wp\/v2\/users\/2"}],"replies":[{"embeddable":true,"href":"https:\/\/www.europesays.com\/pt\/wp-json\/wp\/v2\/comments?post=193140"}],"version-history":[{"count":0,"href":"https:\/\/www.europesays.com\/pt\/wp-json\/wp\/v2\/posts\/193140\/revisions"}],"wp:featuredmedia":[{"embeddable":true,"href":"https:\/\/www.europesays.com\/pt\/wp-json\/wp\/v2\/media\/193141"}],"wp:attachment":[{"href":"https:\/\/www.europesays.com\/pt\/wp-json\/wp\/v2\/media?parent=193140"}],"wp:term":[{"taxonomy":"category","embeddable":true,"href":"https:\/\/www.europesays.com\/pt\/wp-json\/wp\/v2\/categories?post=193140"},{"taxonomy":"post_tag","embeddable":true,"href":"https:\/\/www.europesays.com\/pt\/wp-json\/wp\/v2\/tags?post=193140"}],"curies":[{"name":"wp","href":"https:\/\/api.w.org\/{rel}","templated":true}]}}