{"id":193143,"date":"2025-12-18T10:50:10","date_gmt":"2025-12-18T10:50:10","guid":{"rendered":"https:\/\/www.europesays.com\/pt\/193143\/"},"modified":"2025-12-18T10:50:10","modified_gmt":"2025-12-18T10:50:10","slug":"vem-ai-em-terra-forte-em-lagrimas-maria-de-fatima-pede-ajuda-a-rosa-maria-apos-fim-do-casamento-com-sammy-novelas","status":"publish","type":"post","link":"https:\/\/www.europesays.com\/pt\/193143\/","title":{"rendered":"Vem a\u00ed em \u00abTerra Forte\u00bb: Em l\u00e1grimas, Maria de F\u00e1tima pede ajuda a Rosa Maria ap\u00f3s fim do casamento com Sammy &#8211; Novelas"},"content":{"rendered":"<p>Em \u00abTerra Forte\u00bb, <a href=\"https:\/\/tvi.iol.pt\/novelas\/ator\/rosa-maria\/68ee586ed34e58bc6796e114\" rel=\"nofollow noopener\" target=\"_blank\">Rosa Maria (Cust\u00f3dia Gallego)<\/a>\u00a0recebe\u00a0<strong data-end=\"1290\" data-start=\"1220\"><a href=\"https:\/\/tvi.iol.pt\/novelas\/ator\/maria-de-fatima\/68ee548bd34ee0c2fed13d9c\" rel=\"nofollow noopener\" target=\"_blank\">Maria de F\u00e1tima (Rita Pereira)<\/a><\/strong>, que a abra\u00e7a a chorar, contando que o seu casamento com <a href=\"https:\/\/tvi.iol.pt\/novelas\/videos\/terra-forte-sammy-fica-sem-chao-ao-descobrir-que-flor-e-a-mae-de-rosinha\/68f7b83e0cf29d28d8297a75\" rel=\"nofollow noopener\" target=\"_blank\">Sammy (Jos\u00e9 Fidalgo)<\/a>\u00a0acabou.<\/p>\n<p>Rosa Maria olha surpresa para Maria de F\u00e1tima a pedir-lhe para dormir ali, dizendo precisar de ficar com algu\u00e9m que goste dela. Maria de F\u00e1tima volta a chorar a pensar em Sammy, e Rosa Maria abra\u00e7a-a.<\/p>\n<p>Rosa Maria liga para Sammy\u00a0 e conta que Maria de F\u00e1tima chegou a sua casa arrasada e pediu para passar l\u00e1 a noite.<\/p>\n<p>Maria de F\u00e1tima abra\u00e7a Rosa Maria a agradecer-lhe por todo o apoio que lhe deu, tendo percebido que ela gosta mesmo de si. Rosa Maria pede \u00e0 filha que lhe explique o que aconteceu.<\/p>\n<p>Recorde-se que Maria de F\u00e1tima e Rosa Maria fizeram as pazes:<\/p>\n","protected":false},"excerpt":{"rendered":"Em \u00abTerra Forte\u00bb, Rosa Maria (Cust\u00f3dia Gallego)\u00a0recebe\u00a0Maria de F\u00e1tima (Rita Pereira), que a abra\u00e7a a chorar, contando que&hellip;\n","protected":false},"author":2,"featured_media":193144,"comment_status":"","ping_status":"","sticky":false,"template":"","format":"standard","meta":{"footnotes":""},"categories":[142],"tags":[160,166,18259,114,115,157,167,164,8598,161,158,165,159,32,33,156,5871,27871,26751,18614,163,151,162],"class_list":{"0":"post-193143","1":"post","2":"type-post","3":"status-publish","4":"format-standard","5":"has-post-thumbnail","7":"category-tv","8":"tag-ana-guiomar","9":"tag-cristina-ferreira","10":"tag-custodia-gallego","11":"tag-entertainment","12":"tag-entretenimento","13":"tag-festa-e-festa","14":"tag-ficcao","15":"tag-jose-fidalgo","16":"tag-maria-de-fatima","17":"tag-novelas","18":"tag-para-sempre","19":"tag-pedro-sousa","20":"tag-pedro-teixeira","21":"tag-portugal","22":"tag-pt","23":"tag-queridos-papas","24":"tag-rita-pereira","25":"tag-rosa-maria","26":"tag-sammy","27":"tag-terra-forte","28":"tag-tiago-teotonio-pereira","29":"tag-tv","30":"tag-tvi"},"share_on_mastodon":{"url":"https:\/\/pubeurope.com\/@pt\/115740188448905616","error":""},"_links":{"self":[{"href":"https:\/\/www.europesays.com\/pt\/wp-json\/wp\/v2\/posts\/193143","targetHints":{"allow":["GET"]}}],"collection":[{"href":"https:\/\/www.europesays.com\/pt\/wp-json\/wp\/v2\/posts"}],"about":[{"href":"https:\/\/www.europesays.com\/pt\/wp-json\/wp\/v2\/types\/post"}],"author":[{"embeddable":true,"href":"https:\/\/www.europesays.com\/pt\/wp-json\/wp\/v2\/users\/2"}],"replies":[{"embeddable":true,"href":"https:\/\/www.europesays.com\/pt\/wp-json\/wp\/v2\/comments?post=193143"}],"version-history":[{"count":0,"href":"https:\/\/www.europesays.com\/pt\/wp-json\/wp\/v2\/posts\/193143\/revisions"}],"wp:featuredmedia":[{"embeddable":true,"href":"https:\/\/www.europesays.com\/pt\/wp-json\/wp\/v2\/media\/193144"}],"wp:attachment":[{"href":"https:\/\/www.europesays.com\/pt\/wp-json\/wp\/v2\/media?parent=193143"}],"wp:term":[{"taxonomy":"category","embeddable":true,"href":"https:\/\/www.europesays.com\/pt\/wp-json\/wp\/v2\/categories?post=193143"},{"taxonomy":"post_tag","embeddable":true,"href":"https:\/\/www.europesays.com\/pt\/wp-json\/wp\/v2\/tags?post=193143"}],"curies":[{"name":"wp","href":"https:\/\/api.w.org\/{rel}","templated":true}]}}