{"id":193159,"date":"2025-12-18T11:09:09","date_gmt":"2025-12-18T11:09:09","guid":{"rendered":"https:\/\/www.europesays.com\/pt\/193159\/"},"modified":"2025-12-18T11:09:09","modified_gmt":"2025-12-18T11:09:09","slug":"a-protegida-francisco-faz-mal-a-isabel-novelas","status":"publish","type":"post","link":"https:\/\/www.europesays.com\/pt\/193159\/","title":{"rendered":"A Protegida: Francisco faz mal a Isabel? &#8211; Novelas"},"content":{"rendered":"<p>Em \u00abA Protegida\u00bb, Isabel (Sara Barradas) instala-se no gabinete de Francisco (Vitor D&#8217; Andrade) e diz que costumava trabalhar ali. Francisco relembra-a de que os tempos mudaram e que tem de arranjar outro s\u00edtio. Isabel refere que \u00e9 dona de uma parte da f\u00e1brica e manda mais do que ele. Francisco enfrenta-a e pergunta-lhe o que quer. Isabel ressalva que tende a ganhar as guerras contra ele.<\/p>\n","protected":false},"excerpt":{"rendered":"Em \u00abA Protegida\u00bb, Isabel (Sara Barradas) instala-se no gabinete de Francisco (Vitor D&#8217; Andrade) e diz que costumava&hellip;\n","protected":false},"author":2,"featured_media":193160,"comment_status":"","ping_status":"","sticky":false,"template":"","format":"standard","meta":{"footnotes":""},"categories":[142],"tags":[168,160,166,114,115,157,167,164,2931,161,158,165,159,32,33,156,163,151,162],"class_list":{"0":"post-193159","1":"post","2":"type-post","3":"status-publish","4":"format-standard","5":"has-post-thumbnail","7":"category-tv","8":"tag-a-protegida","9":"tag-ana-guiomar","10":"tag-cristina-ferreira","11":"tag-entertainment","12":"tag-entretenimento","13":"tag-festa-e-festa","14":"tag-ficcao","15":"tag-jose-fidalgo","16":"tag-novela","17":"tag-novelas","18":"tag-para-sempre","19":"tag-pedro-sousa","20":"tag-pedro-teixeira","21":"tag-portugal","22":"tag-pt","23":"tag-queridos-papas","24":"tag-tiago-teotonio-pereira","25":"tag-tv","26":"tag-tvi"},"share_on_mastodon":{"url":"https:\/\/pubeurope.com\/@pt\/115740263273733337","error":""},"_links":{"self":[{"href":"https:\/\/www.europesays.com\/pt\/wp-json\/wp\/v2\/posts\/193159","targetHints":{"allow":["GET"]}}],"collection":[{"href":"https:\/\/www.europesays.com\/pt\/wp-json\/wp\/v2\/posts"}],"about":[{"href":"https:\/\/www.europesays.com\/pt\/wp-json\/wp\/v2\/types\/post"}],"author":[{"embeddable":true,"href":"https:\/\/www.europesays.com\/pt\/wp-json\/wp\/v2\/users\/2"}],"replies":[{"embeddable":true,"href":"https:\/\/www.europesays.com\/pt\/wp-json\/wp\/v2\/comments?post=193159"}],"version-history":[{"count":0,"href":"https:\/\/www.europesays.com\/pt\/wp-json\/wp\/v2\/posts\/193159\/revisions"}],"wp:featuredmedia":[{"embeddable":true,"href":"https:\/\/www.europesays.com\/pt\/wp-json\/wp\/v2\/media\/193160"}],"wp:attachment":[{"href":"https:\/\/www.europesays.com\/pt\/wp-json\/wp\/v2\/media?parent=193159"}],"wp:term":[{"taxonomy":"category","embeddable":true,"href":"https:\/\/www.europesays.com\/pt\/wp-json\/wp\/v2\/categories?post=193159"},{"taxonomy":"post_tag","embeddable":true,"href":"https:\/\/www.europesays.com\/pt\/wp-json\/wp\/v2\/tags?post=193159"}],"curies":[{"name":"wp","href":"https:\/\/api.w.org\/{rel}","templated":true}]}}