{"id":193161,"date":"2025-12-18T11:11:09","date_gmt":"2025-12-18T11:11:09","guid":{"rendered":"https:\/\/www.europesays.com\/pt\/193161\/"},"modified":"2025-12-18T11:11:09","modified_gmt":"2025-12-18T11:11:09","slug":"brad-pitt-volta-as-pistas-em-um-dos-maiores-sucessos-do-ano","status":"publish","type":"post","link":"https:\/\/www.europesays.com\/pt\/193161\/","title":{"rendered":"Brad Pitt volta \u00e0s pistas em um dos maiores sucessos do ano"},"content":{"rendered":"<p>Uma segunda chance surge quando R\u00faben (Javier Bardem), ex-parceiro de Sonny, o procura com um convite: retornar \u00e0 principal categoria do automobilismo como segundo piloto de sua equipe. O objetivo \u00e9 que ele ajude o arrogante Joshua Pearce (Idris), uma jovem promessa da F\u00f3rmula 1 que ainda carece de experi\u00eancia nas pistas.<\/p>\n<p>Os dois pilotos \u2014 que acabam desenvolvendo uma rivalidade previs\u00edvel \u2014 precisam aprender a trabalhar juntos para salvar a equipe de uma venda iminente e conquistar sua primeira vit\u00f3ria na principal categoria do automobilismo mundial.<\/p>\n<p>Desde a \u00faltima sexta-feira (12\/12), o filme est\u00e1 dispon\u00edvel no servi\u00e7o de streaming da Apple TV e na Amazon Prime Video (mediante complemento de assinatura).<\/p>\n","protected":false},"excerpt":{"rendered":"Uma segunda chance surge quando R\u00faben (Javier Bardem), ex-parceiro de Sonny, o procura com um convite: retornar \u00e0&hellip;\n","protected":false},"author":2,"featured_media":193162,"comment_status":"","ping_status":"","sticky":false,"template":"","format":"standard","meta":{"footnotes":""},"categories":[140],"tags":[5968,114,115,147,148,146,32,33,940],"class_list":{"0":"post-193161","1":"post","2":"type-post","3":"status-publish","4":"format-standard","5":"has-post-thumbnail","7":"category-filmes","8":"tag-automobilismo","9":"tag-entertainment","10":"tag-entretenimento","11":"tag-film","12":"tag-filmes","13":"tag-movies","14":"tag-portugal","15":"tag-pt","16":"tag-streaming"},"share_on_mastodon":{"url":"https:\/\/pubeurope.com\/@pt\/115740271255716822","error":""},"_links":{"self":[{"href":"https:\/\/www.europesays.com\/pt\/wp-json\/wp\/v2\/posts\/193161","targetHints":{"allow":["GET"]}}],"collection":[{"href":"https:\/\/www.europesays.com\/pt\/wp-json\/wp\/v2\/posts"}],"about":[{"href":"https:\/\/www.europesays.com\/pt\/wp-json\/wp\/v2\/types\/post"}],"author":[{"embeddable":true,"href":"https:\/\/www.europesays.com\/pt\/wp-json\/wp\/v2\/users\/2"}],"replies":[{"embeddable":true,"href":"https:\/\/www.europesays.com\/pt\/wp-json\/wp\/v2\/comments?post=193161"}],"version-history":[{"count":0,"href":"https:\/\/www.europesays.com\/pt\/wp-json\/wp\/v2\/posts\/193161\/revisions"}],"wp:featuredmedia":[{"embeddable":true,"href":"https:\/\/www.europesays.com\/pt\/wp-json\/wp\/v2\/media\/193162"}],"wp:attachment":[{"href":"https:\/\/www.europesays.com\/pt\/wp-json\/wp\/v2\/media?parent=193161"}],"wp:term":[{"taxonomy":"category","embeddable":true,"href":"https:\/\/www.europesays.com\/pt\/wp-json\/wp\/v2\/categories?post=193161"},{"taxonomy":"post_tag","embeddable":true,"href":"https:\/\/www.europesays.com\/pt\/wp-json\/wp\/v2\/tags?post=193161"}],"curies":[{"name":"wp","href":"https:\/\/api.w.org\/{rel}","templated":true}]}}