{"id":193163,"date":"2025-12-18T11:12:10","date_gmt":"2025-12-18T11:12:10","guid":{"rendered":"https:\/\/www.europesays.com\/pt\/193163\/"},"modified":"2025-12-18T11:12:10","modified_gmt":"2025-12-18T11:12:10","slug":"benfica-vence-em-faro-e-segue-para-os-quartos-de-final","status":"publish","type":"post","link":"https:\/\/www.europesays.com\/pt\/193163\/","title":{"rendered":"Benfica vence em Faro e segue para os quartos de final"},"content":{"rendered":"<p>                O colombiano Richard R\u00edos, aos 11 minutos, e o croata Franjo Ivanovic, aos 56, marcaram os golos dos \u2018encarnados\u2019, que, pelo meio, ainda falharam uma grande penalidade, aos 28, pelo argentino Nicol\u00e1s Otamendi, que j\u00e1 tinha perdido um castigo m\u00e1ximo na eliminat\u00f3ria anterior, com o Atl\u00e9tico.<\/p>\n<p>Nos quartos de final, a forma\u00e7\u00e3o da Luz, recordista de trof\u00e9us da Ta\u00e7a de Portugal (26), a qual n\u00e3o vence desde 2016\/17, ir\u00e1 jogar no reduto de FC Porto ou Famalic\u00e3o, equipas que se defrontam na quinta-feira, no Est\u00e1dio do Drag\u00e3o.&#13;\n            <\/p>\n","protected":false},"excerpt":{"rendered":"O colombiano Richard R\u00edos, aos 11 minutos, e o croata Franjo Ivanovic, aos 56, marcaram os golos dos&hellip;\n","protected":false},"author":2,"featured_media":193164,"comment_status":"","ping_status":"","sticky":false,"template":"","format":"standard","meta":{"footnotes":""},"categories":[87],"tags":[135,13,32,33,420,421,134],"class_list":{"0":"post-193163","1":"post","2":"type-post","3":"status-publish","4":"format-standard","5":"has-post-thumbnail","7":"category-desporto","8":"tag-desporto","9":"tag-noticias","10":"tag-portugal","11":"tag-pt","12":"tag-rtp","13":"tag-rtp-noticias","14":"tag-sports"},"share_on_mastodon":{"url":"https:\/\/pubeurope.com\/@pt\/115740275373148694","error":""},"_links":{"self":[{"href":"https:\/\/www.europesays.com\/pt\/wp-json\/wp\/v2\/posts\/193163","targetHints":{"allow":["GET"]}}],"collection":[{"href":"https:\/\/www.europesays.com\/pt\/wp-json\/wp\/v2\/posts"}],"about":[{"href":"https:\/\/www.europesays.com\/pt\/wp-json\/wp\/v2\/types\/post"}],"author":[{"embeddable":true,"href":"https:\/\/www.europesays.com\/pt\/wp-json\/wp\/v2\/users\/2"}],"replies":[{"embeddable":true,"href":"https:\/\/www.europesays.com\/pt\/wp-json\/wp\/v2\/comments?post=193163"}],"version-history":[{"count":0,"href":"https:\/\/www.europesays.com\/pt\/wp-json\/wp\/v2\/posts\/193163\/revisions"}],"wp:featuredmedia":[{"embeddable":true,"href":"https:\/\/www.europesays.com\/pt\/wp-json\/wp\/v2\/media\/193164"}],"wp:attachment":[{"href":"https:\/\/www.europesays.com\/pt\/wp-json\/wp\/v2\/media?parent=193163"}],"wp:term":[{"taxonomy":"category","embeddable":true,"href":"https:\/\/www.europesays.com\/pt\/wp-json\/wp\/v2\/categories?post=193163"},{"taxonomy":"post_tag","embeddable":true,"href":"https:\/\/www.europesays.com\/pt\/wp-json\/wp\/v2\/tags?post=193163"}],"curies":[{"name":"wp","href":"https:\/\/api.w.org\/{rel}","templated":true}]}}