{"id":193171,"date":"2025-12-18T11:19:24","date_gmt":"2025-12-18T11:19:24","guid":{"rendered":"https:\/\/www.europesays.com\/pt\/193171\/"},"modified":"2025-12-18T11:19:24","modified_gmt":"2025-12-18T11:19:24","slug":"o-benfica-chegou-a-faro-virou-a-esquerda-e-seguiu-em-frente-na-taca-cronica-de-jogo","status":"publish","type":"post","link":"https:\/\/www.europesays.com\/pt\/193171\/","title":{"rendered":"O Benfica chegou a Faro, virou \u00e0 esquerda e seguiu em frente na Ta\u00e7a | Cr\u00f3nica de jogo"},"content":{"rendered":"<p>Chegado a Faro, para o jogo dos oitavos-de-final da Ta\u00e7a de Portugal, o Benfica decidiu que teria de virar \u00e0 esquerda, com permanente explora\u00e7\u00e3o do corredor canhoto. Depois de virar \u00e0 esquerda decidiu seguir em frente \u2013 em frente rumo aos quartos-de-final da prova, com um triunfo por 2-0 frente ao Farense.<\/p>\n<p>Esta apet\u00eancia do Benfica pelo corredor esquerdo, com impacto claro de Dahl, Schjelderup e Sudakov acabou, em certa medida, por ser promovido tamb\u00e9m pelo pr\u00f3prio Farense. J\u00e1 l\u00e1 vamos.<\/p>\n<p><strong>As op\u00e7\u00f5es<\/strong><\/p>\n<p>Jos\u00e9 Mourinho decidiu que o Benfica deveria levar a este jogo mudan\u00e7as em todos os sectores: uma na baliza, uma na defesa, uma no meio-campo defensivo, uma no meio-campo ofensivo e uma no ataque.<\/p>\n<p>As sa\u00eddas de Barreiro e Aursnes por Schjelderup e Prestianni significavam uma equipa mais preparada para o momento de cria\u00e7\u00e3o e menos para a press\u00e3o e o trabalho sem bola \u2013 o que tinha algum nexo pelo perfil esperado para este jogo.<\/p>\n<p>Silas desenhou um plano h\u00edbrido com defesa a cinco quando Dahl avan\u00e7ava e defesa a quatro quando o lateral n\u00e3o obrigava Jaiminho a recuar. Isto criou problemas a Delgado, central do lado direito que andou permanentemente \u00e0 procura da melhor posi\u00e7\u00e3o \u2013 ora mais fechado, se tivesse apoio, ora mais aberto, quando n\u00e3o tinha. O mapa de posicionamento m\u00e9dio mostrava mesmo um espa\u00e7o muito grande entre Delgado e o central do meio, algo pouco recomend\u00e1vel neste esquema.<\/p>\n<p>O Benfica explorou-o v\u00e1rias vezes, sobretudo com Dahl a n\u00e3o avan\u00e7ar tanto no terreno \u2013 quanto menos avan\u00e7ava, mais \u00e0 frente ficava Jaiminho e, por isso, maior a superioridade num\u00e9rica de Schjelderup e Sudakov contra Delgado.<\/p>\n<p>        &#13;<\/p>\n<blockquote class=\"twitter-tweet\" data-media-max-width=\"560\">\n<p lang=\"pt\" dir=\"ltr\">Richard Rios a abrir o marcador ??<a href=\"https:\/\/twitter.com\/hashtag\/sporttvportugal?src=hash&amp;ref_src=twsrc%5Etfw\" rel=\"nofollow noopener\" target=\"_blank\">#sporttvportugal<\/a> <a href=\"https:\/\/twitter.com\/hashtag\/TA%C3%87AnaSPORTTV?src=hash&amp;ref_src=twsrc%5Etfw\" rel=\"nofollow noopener\" target=\"_blank\">#TA\u00c7AnaSPORTTV<\/a> <a href=\"https:\/\/twitter.com\/hashtag\/ta%C3%A7adeportugal?src=hash&amp;ref_src=twsrc%5Etfw\" rel=\"nofollow noopener\" target=\"_blank\">#ta\u00e7adeportugal<\/a> <a href=\"https:\/\/twitter.com\/hashtag\/farense?src=hash&amp;ref_src=twsrc%5Etfw\" rel=\"nofollow noopener\" target=\"_blank\">#farense<\/a> <a href=\"https:\/\/twitter.com\/hashtag\/benfica?src=hash&amp;ref_src=twsrc%5Etfw\" rel=\"nofollow noopener\" target=\"_blank\">#benfica<\/a> <a href=\"https:\/\/t.co\/VllCKxvg88\" rel=\"nofollow\">pic.twitter.com\/VllCKxvg88<\/a><\/p>\n<p>\u2014 sport tv (@sporttvportugal) <a href=\"https:\/\/twitter.com\/sporttvportugal\/status\/2001401375587021077?ref_src=twsrc%5Etfw\" rel=\"nofollow noopener\" target=\"_blank\">December 17, 2025<\/a><\/p><\/blockquote>\n<p> &#13;<\/p>\n<p>Silas pareceu trocar Jaiminho por Menino durante a primeira parte, possivelmente confiando mais na cultura t\u00e1ctica do m\u00e9dio, mas isso n\u00e3o fez grande diferen\u00e7a: Schjelderup conseguia sempre colocar-se em jogo, ora na esquerda, ora pela zona central.<\/p>\n<p>Nada disto significava, ainda assim, uma avalanche ofensiva do Benfica. A equipa conseguia vias de sa\u00edda na meia-esquerda, mas nem sempre com finaliza\u00e7\u00f5es bem promovidas.<\/p>\n<p><strong>O espa\u00e7o apareceu<\/strong><\/p>\n<p>O Benfica chegou ao golo aos 10\u2019, num lance de bola parada. Livre lateral batido para o segundo poste e o Farense escolheu ter dois defensores para tr\u00eas atacantes \u2013 Delgado ficava na marca\u00e7\u00e3o zonal. Isto permitiu a Otamendi e Ara\u00fajo arrastarem os dois defensores e R\u00edos, que inicialmente at\u00e9 parecia estar \u201cescalado\u201d para ser o bloqueador, acabou livre para ser o finalizador \u2013 bom remate de primeira.<\/p>\n<p>Uma das movimenta\u00e7\u00f5es de Sudakov e Schjelderup na meia-esquerda deu pen\u00e1lti aos 27\u2019, mas o guarda-redes defendeu o pontap\u00e9 de Otamendi, e deu perigo aos 42\u2019, em mais um lance de problemas para Delgado.<\/p>\n<p>Aos 55&#8242;, no 2-0, tudo aconteceu novamente \u2013 e sem surpresa \u2013 pelo espa\u00e7o no lado direito da defesa do Farense. Delgado foi arrastado por Schjelderup para a zona central e a falta de apoio permitiu a Dahl ter espa\u00e7o para rematar cruzado \u2013 a defesa incompleta deu a recarga de sucesso a Ivanovic.<\/p>\n<p>N\u00e3o houve, portanto, grande diferen\u00e7a por Silas ter colocado um terceiro jogador a fechar o lado esquerdo: Ndiaye n\u00e3o estava a fazer melhor do que Menino ou Jaiminho numa fun\u00e7\u00e3o que tamb\u00e9m veio a ser de Rafinha.<\/p>\n<p>Quanto mais o Farense subia a press\u00e3o em busca de qualquer coisa mais espa\u00e7o havia \u2013 e espa\u00e7o \u00e9 sin\u00f3nimo de Ivanovic, que come\u00e7ou a aparecer mais na partida com boas arrancadas.<\/p>\n<p>Na \u00faltima meia hora de futebol o Benfica controlou a partida com bola, sabendo da import\u00e2ncia de gerir fisicamente os n\u00edveis de fadiga, mas ainda passou por sobressalto aos 90+5&#8242; com um golo anulado ao Farense.<\/p>\n<p>Nota final para o \u00e1rbitro H\u00e9lder Malheiro, que foi o primeiro a usar uma bodycam num jogo a envolver os tr\u00eas grandes e \u201cofereceu\u201d aos telespectadores alguns planos diferentes dos habituais.<\/p>\n<p>        &#13;<\/p>\n<blockquote class=\"twitter-tweet\" data-media-max-width=\"560\">\n<p lang=\"es\" dir=\"ltr\">Ivanovic no s\u00edtio certo ??<a href=\"https:\/\/twitter.com\/hashtag\/sporttvportugal?src=hash&amp;ref_src=twsrc%5Etfw\" rel=\"nofollow noopener\" target=\"_blank\">#sporttvportugal<\/a> <a href=\"https:\/\/twitter.com\/hashtag\/TA%C3%87AnaSPORTTV?src=hash&amp;ref_src=twsrc%5Etfw\" rel=\"nofollow noopener\" target=\"_blank\">#TA\u00c7AnaSPORTTV<\/a> <a href=\"https:\/\/twitter.com\/hashtag\/ta%C3%A7adeportugal?src=hash&amp;ref_src=twsrc%5Etfw\" rel=\"nofollow noopener\" target=\"_blank\">#ta\u00e7adeportugal<\/a> <a href=\"https:\/\/twitter.com\/hashtag\/farense?src=hash&amp;ref_src=twsrc%5Etfw\" rel=\"nofollow noopener\" target=\"_blank\">#farense<\/a> <a href=\"https:\/\/twitter.com\/hashtag\/benfica?src=hash&amp;ref_src=twsrc%5Etfw\" rel=\"nofollow noopener\" target=\"_blank\">#benfica<\/a> <a href=\"https:\/\/t.co\/tVw8ty1mg4\" rel=\"nofollow\">pic.twitter.com\/tVw8ty1mg4<\/a><\/p>\n<p>\u2014 sport tv (@sporttvportugal) <a href=\"https:\/\/twitter.com\/sporttvportugal\/status\/2001416680723943744?ref_src=twsrc%5Etfw\" rel=\"nofollow noopener\" target=\"_blank\">December 17, 2025<\/a><\/p><\/blockquote>\n<p> &#13;<\/p>\n<p>            <script async src=\"https:\/\/platform.twitter.com\/widgets.js\" charset=\"utf-8\"><\/script><\/p>\n","protected":false},"excerpt":{"rendered":"Chegado a Faro, para o jogo dos oitavos-de-final da Ta\u00e7a de Portugal, o Benfica decidiu que teria de&hellip;\n","protected":false},"author":2,"featured_media":193172,"comment_status":"","ping_status":"","sticky":false,"template":"","format":"standard","meta":{"footnotes":""},"categories":[8],"tags":[27,28,2610,135,6935,15,16,280,14,25,26,21,22,12,13,19,20,32,23,24,33,10804,3099,3142,17,18,29,30,31],"class_list":{"0":"post-193171","1":"post","2":"type-post","3":"status-publish","4":"format-standard","5":"has-post-thumbnail","7":"category-principais-noticias","8":"tag-breaking-news","9":"tag-breakingnews","10":"tag-cronica-de-jogo","11":"tag-desporto","12":"tag-farense","13":"tag-featured-news","14":"tag-featurednews","15":"tag-futebol-nacional","16":"tag-headlines","17":"tag-latest-news","18":"tag-latestnews","19":"tag-main-news","20":"tag-mainnews","21":"tag-news","22":"tag-noticias","23":"tag-noticias-principais","24":"tag-noticiasprincipais","25":"tag-portugal","26":"tag-principais-noticias","27":"tag-principaisnoticias","28":"tag-pt","29":"tag-resultados-jogos","30":"tag-sl-benfica","31":"tag-taca-de-portugal","32":"tag-top-stories","33":"tag-topstories","34":"tag-ultimas","35":"tag-ultimas-noticias","36":"tag-ultimasnoticias"},"share_on_mastodon":{"url":"https:\/\/pubeurope.com\/@pt\/115740302898148916","error":""},"_links":{"self":[{"href":"https:\/\/www.europesays.com\/pt\/wp-json\/wp\/v2\/posts\/193171","targetHints":{"allow":["GET"]}}],"collection":[{"href":"https:\/\/www.europesays.com\/pt\/wp-json\/wp\/v2\/posts"}],"about":[{"href":"https:\/\/www.europesays.com\/pt\/wp-json\/wp\/v2\/types\/post"}],"author":[{"embeddable":true,"href":"https:\/\/www.europesays.com\/pt\/wp-json\/wp\/v2\/users\/2"}],"replies":[{"embeddable":true,"href":"https:\/\/www.europesays.com\/pt\/wp-json\/wp\/v2\/comments?post=193171"}],"version-history":[{"count":0,"href":"https:\/\/www.europesays.com\/pt\/wp-json\/wp\/v2\/posts\/193171\/revisions"}],"wp:featuredmedia":[{"embeddable":true,"href":"https:\/\/www.europesays.com\/pt\/wp-json\/wp\/v2\/media\/193172"}],"wp:attachment":[{"href":"https:\/\/www.europesays.com\/pt\/wp-json\/wp\/v2\/media?parent=193171"}],"wp:term":[{"taxonomy":"category","embeddable":true,"href":"https:\/\/www.europesays.com\/pt\/wp-json\/wp\/v2\/categories?post=193171"},{"taxonomy":"post_tag","embeddable":true,"href":"https:\/\/www.europesays.com\/pt\/wp-json\/wp\/v2\/tags?post=193171"}],"curies":[{"name":"wp","href":"https:\/\/api.w.org\/{rel}","templated":true}]}}