{"id":193173,"date":"2025-12-18T11:20:19","date_gmt":"2025-12-18T11:20:19","guid":{"rendered":"https:\/\/www.europesays.com\/pt\/193173\/"},"modified":"2025-12-18T11:20:19","modified_gmt":"2025-12-18T11:20:19","slug":"camila-queiroz-surge-pela-primeira-vez-apos-o-nascimento-da-filha-clara-atencao-totalmente-voltada","status":"publish","type":"post","link":"https:\/\/www.europesays.com\/pt\/193173\/","title":{"rendered":"Camila Queiroz surge pela primeira vez ap\u00f3s o nascimento da filha, Clara: &#8216;Aten\u00e7\u00e3o totalmente voltada&#8217;"},"content":{"rendered":"<p>A fam\u00edlia de <a href=\"https:\/\/caras.com.br\/tags\/camila-queiroz\" rel=\"nofollow noopener\" target=\"_blank\"><strong>Camila Queiroz<\/strong><\/a> e <a href=\"https:\/\/caras.com.br\/tags\/klebber-toledo\" rel=\"nofollow noopener\" target=\"_blank\"><strong>Klebber Toledo<\/strong><\/a> est\u00e1 radiante! Isso porque a primeira filha do casal veio ao mundo no \u00faltimo dia 12 de dezembro. Desde ent\u00e3o, o casal est\u00e1 recluso das redes sociais, aproveitando, ao m\u00e1ximo, os primeiros dias da pequena.<\/p>\n<p>Por\u00e9m, na tarde dessa quarta-feira, 17, Camila surgiu nos stories pela primeira vez. Ela aproveitou para explicar o sumi\u00e7o e agradeceu: \u201cEstamos vivendo um dos momentos mais especiais das nossas vidas. Ainda n\u00e3o conseguimos responder a todas as mensagens que recebemos, pois nossa aten\u00e7\u00e3o est\u00e1 totalmente voltada para a nossa Clara\u201d.<\/p>\n<p>A atriz completou: \u201cTamb\u00e9m n\u00e3o poder\u00edamos deixar de agradecer por todo o carinho, amor e mensagens t\u00e3o especiais que temos recebido. Do fundo dos nossos cora\u00e7\u00f5es, muito obrigado. Com carinho, fam\u00edlia Queiroz Toledo\u201d.<\/p>\n<p> CONFIRA O STORY COMPARTILHADO POR CAMILA QUEIROZ: <\/p>\n<p><img loading=\"lazy\" decoding=\"async\" class=\"alignnone wp-image-1046075 size-full img-fluid lazy\" alt=\"\" width=\"1080\" height=\"1919\" src=\"https:\/\/www.europesays.com\/pt\/wp-content\/uploads\/2025\/12\/SaveClip.App_601913013_18546919216034699_888997235255560714_n.jpg\"  \/><\/p>\n<p>\t Nome da filha de Camila Queiroz e Klebber Toledo tem significado especial e hist\u00f3ria por tr\u00e1s <\/p>\n<p>De origem latina, o nome Clara carrega significados como \u201cbrilhante\u201d e \u201cilustre\u201d. A ele tamb\u00e9m se associam ideias de claridade, pureza e sabedoria. Bastante popular, o nome \u00e9 comum em pa\u00edses como Brasil, Portugal, Espanha, Alemanha e It\u00e1lia.<\/p>\n<p><strong>Leia tamb\u00e9m<\/strong>: <a href=\"https:\/\/caras.com.br\/bebe\/camila-queiroz-revelou-detalhe-importante-antes-do-nascimento-da-filha-nao-podia-ter-sido-melhor.phtml\" rel=\"nofollow noopener\" target=\"_blank\">Camila Queiroz revelou detalhe importante antes do nascimento da filha: \u2018N\u00e3o podia ter sido melhor\u2019<\/a><\/p>\n<p>Recentemente, Camila comentou sobre a escolha do nome da filha.\u00a0O casal definiu o nome da herdeira antes do nascimento, mas optou por manter a decis\u00e3o em sigilo. Ainda assim, ela confessou que a escolha tem um significado especial e traz uma hist\u00f3ria por tr\u00e1s.<\/p>\n<p>\u201cA gente n\u00e3o se planeja para nada. Tem essa especula\u00e7\u00e3o, a gente acha natural as pessoas quererem saber. Mas a hora que a gente se sentir confort\u00e1vel e tranquilo a gente compartilha. N\u00e3o tem um plano, pode ser que seja quando nascer, que seja antes.\u00a0Mas esse nome tem uma hist\u00f3ria\u201d,\u00a0detalhou ela em entrevista a Marie Claire.<\/p>\n<p>Em outro momento, Camila Queiroz reagiu a uma not\u00edcia que sugeria que ela estaria pensando em batizar a primeira filha com o nome Angel, que \u00e9 o mesmo da personagem que interpretou na novela Verdades Secretas. A atriz negou a informa\u00e7\u00e3o e lembrou que j\u00e1 tem uma cachorrinha com esse nome.\u00a0\u201cAngel aqui em casa sou s\u00f3 eu. Minha mam\u00e3e j\u00e1 me adotou com esse nome\u201d,\u00a0brincou.<\/p>\n<p> Como foi o an\u00fancio do nascimento? <\/p>\n<p>A novidade foi compartilhada em uma publica\u00e7\u00e3o conjunta no Instagram, acompanhada de imagens feitas ainda na maternidade. Na publica\u00e7\u00e3o, Camila escreveu:\u00a0\u201cCLARA 12\/12\u201d.\u00a0Em seguida, completou:\u00a0\u201cUm amor sem explica\u00e7\u00e3o, a mais forte emo\u00e7\u00e3o que j\u00e1 sentimos\u201d.<\/p>\n<p> ACOMPANHE AS <a href=\"https:\/\/www.instagram.com\/carasbrasil\/\" rel=\"nofollow noopener\" target=\"_blank\">REDES SOCIAIS<\/a> DA CARAS BRASIL E FIQUE POR DENTRO DE TUDO O QUE ACONTECE NO MUNDO DOS FAMOSOS: <\/p>\n<blockquote class=\"instagram-media\" style=\"background: #FFF; border: 0; border-radius: 3px; box-shadow: 0 0 1px 0 rgba(0,0,0,0.5),0 1px 10px 0 rgba(0,0,0,0.15); margin: 1px; max-width: 540px; min-width: 326px; padding: 0; width: calc(100% - 2px);\" data-instgrm-permalink=\"https:\/\/www.instagram.com\/p\/DSX7RVYDRK8\/?utm_source=ig_embed&amp;utm_campaign=loading\" data-instgrm-version=\"14\"><\/blockquote>\n<p>        <a href=\"https:\/\/caras.com.br\/autor\/ana-julia-resende\" rel=\"nofollow noopener\" target=\"_blank\">&#13;<br \/>\n          <img loading=\"lazy\" decoding=\"async\" alt=\"Ana Julia Resende\" src=\"https:\/\/www.europesays.com\/pt\/wp-content\/uploads\/2025\/12\/ana-julia-resende-reporter-150x150.jpeg\" class=\"avatar avatar-115 photo rounded-circle\" height=\"115\" width=\"115\"\/>        <\/a><\/p>\n<p>Ana J\u00falia Resende \u00e9 jornalista formada pela Faculdade C\u00e1sper L\u00edbero. Apaixonada pela comunica\u00e7\u00e3o e por contar boas hist\u00f3rias, escreve sobre celebridades, filmes e cultura.<\/p>\n<ul class=\"terms-list post_tag list-inline\">\n<li class=\"camila-queiroz list-inline-item\">\n\t\t\t\t\t<a href=\"https:\/\/caras.com.br\/tags\/camila-queiroz\" class=\"item-category\" rel=\"nofollow noopener\" target=\"_blank\">Camila Queiroz<\/a>\n\t\t\t\t<\/li>\n<li class=\"klebber-toledo list-inline-item\">\n\t\t\t\t\t<a href=\"https:\/\/caras.com.br\/tags\/klebber-toledo\" class=\"item-category\" rel=\"nofollow noopener\" target=\"_blank\">klebber toledo<\/a>\n\t\t\t\t<\/li>\n<\/ul>\n<p>\t                                            <script async src=\"\/\/www.instagram.com\/embed.js\"><\/script><\/p>\n","protected":false},"excerpt":{"rendered":"A fam\u00edlia de Camila Queiroz e Klebber Toledo est\u00e1 radiante! Isso porque a primeira filha do casal veio&hellip;\n","protected":false},"author":2,"featured_media":193174,"comment_status":"","ping_status":"","sticky":false,"template":"","format":"standard","meta":{"footnotes":""},"categories":[145],"tags":[11700,211,210,114,115,26611,32,33],"class_list":{"0":"post-193173","1":"post","2":"type-post","3":"status-publish","4":"format-standard","5":"has-post-thumbnail","7":"category-celebridades","8":"tag-camila-queiroz","9":"tag-celebridades","10":"tag-celebrities","11":"tag-entertainment","12":"tag-entretenimento","13":"tag-klebber-toledo","14":"tag-portugal","15":"tag-pt"},"share_on_mastodon":{"url":"https:\/\/pubeurope.com\/@pt\/115740306866360376","error":""},"_links":{"self":[{"href":"https:\/\/www.europesays.com\/pt\/wp-json\/wp\/v2\/posts\/193173","targetHints":{"allow":["GET"]}}],"collection":[{"href":"https:\/\/www.europesays.com\/pt\/wp-json\/wp\/v2\/posts"}],"about":[{"href":"https:\/\/www.europesays.com\/pt\/wp-json\/wp\/v2\/types\/post"}],"author":[{"embeddable":true,"href":"https:\/\/www.europesays.com\/pt\/wp-json\/wp\/v2\/users\/2"}],"replies":[{"embeddable":true,"href":"https:\/\/www.europesays.com\/pt\/wp-json\/wp\/v2\/comments?post=193173"}],"version-history":[{"count":0,"href":"https:\/\/www.europesays.com\/pt\/wp-json\/wp\/v2\/posts\/193173\/revisions"}],"wp:featuredmedia":[{"embeddable":true,"href":"https:\/\/www.europesays.com\/pt\/wp-json\/wp\/v2\/media\/193174"}],"wp:attachment":[{"href":"https:\/\/www.europesays.com\/pt\/wp-json\/wp\/v2\/media?parent=193173"}],"wp:term":[{"taxonomy":"category","embeddable":true,"href":"https:\/\/www.europesays.com\/pt\/wp-json\/wp\/v2\/categories?post=193173"},{"taxonomy":"post_tag","embeddable":true,"href":"https:\/\/www.europesays.com\/pt\/wp-json\/wp\/v2\/tags?post=193173"}],"curies":[{"name":"wp","href":"https:\/\/api.w.org\/{rel}","templated":true}]}}