{"id":193179,"date":"2025-12-18T11:26:06","date_gmt":"2025-12-18T11:26:06","guid":{"rendered":"https:\/\/www.europesays.com\/pt\/193179\/"},"modified":"2025-12-18T11:26:06","modified_gmt":"2025-12-18T11:26:06","slug":"real-madrid-sobrevive-e-segue-em-frente-na-copa-del-rey-zerozero-pt","status":"publish","type":"post","link":"https:\/\/www.europesays.com\/pt\/193179\/","title":{"rendered":"Real Madrid sobrevive e segue em frente na Copa del Rey &#8211; zerozero.pt"},"content":{"rendered":"<ol>\n<li><a href=\"https:\/\/news.google.com\/rss\/articles\/CBMingFBVV95cUxQcENwNmRKcVBQaUU2Q2JqSF9vLWFsaDc5REpvS1ZkQURNTERkWmQ1N2N1d08zV2l2bVdxODY1VEN5Zm00Y3lrSlcydWFLOVB5djNkVmVUNXBDUkM3ZUg1QmhvNEFaX0h6b0l3bG5BQklxSExXR1BYMFNmMjliRjhNN0U5RDViMmpkUHFvQmk4aEVJMjhWMmU5TnJKQURKQQ?oc=5\" target=\"_blank\" rel=\"nofollow noopener\">Real Madrid sobrevive e segue em frente na Copa del Rey<\/a>&nbsp;&nbsp;zerozero.pt<\/li>\n<li><a href=\"https:\/\/news.google.com\/rss\/articles\/CBMi8gFBVV95cUxNUkhqelJKVG12UVdBdUpCY2ZtMXRLb0pEam1fS1ZLX3ZSRUk2YU16Q01CWGtOS2REMVczeWhXemRKdXpSeVRnYUlJd2xVLWhpVjZpNThDb3M4S3JJTmtjc0xxWUNhcjRpbFluVkUyaEJIVVoxMm05R01wUUlJdHF3S1duaXRXc0FTWjk1T2hjclN1aEdKNmJiUjZ6WFhYTk1ra05CUGNjQi1OQ2JNblQxS1ZlZlBZcWFzWlFUUmRFZWloY05SVGdEVjRiT09la2FGRDZ6ODQtSE44QkpDa3ZsVWRHenBab3BGQVNiekRjWHE0UQ?oc=5\" target=\"_blank\" rel=\"nofollow noopener\">Mbapp\u00e9 decide, e Real vence time da 3\u00aa divis\u00e3o em poss\u00edvel despedida de Endrick<\/a>&nbsp;&nbsp;UOL<\/li>\n<li><a href=\"https:\/\/news.google.com\/rss\/articles\/CBMi8wFBVV95cUxNT2ZEcjlCUUJnRUQ3OW4yYVRRX2NHdlhHNk9VM2dab0tVN3A2a1Q3MkZKSmw0Y0xrZlJhUVlwY2VBcnk2QTQtVVRCN0MzUXl5ZXAzYUtuZnpkYjdIcDBtTnZGWXZPcjhrSENXb2U3UGRnOWF3OXFMbUxhYklTU1F2TkJqd29JQzdEVHVPZF9fYTZMSThrSU40Sl9vbHRiVGpiREJhV3ZycVlwR1dCZ1Y1MFg2dG8ya3RNNXdkT0pFdmpaNEt3REVBc09KWENRZkVtQlBoSUE3dnh1azZLSXV4X3dKcWVMUE5KRlNVb1UtcWhRUUE?oc=5\" target=\"_blank\" rel=\"nofollow noopener\">Talavera x Real Madrid: onde assistir ao vivo, hor\u00e1rio, palpite e prov\u00e1veis escala\u00e7\u00f5es do jogo da Copa do Rei<\/a>&nbsp;&nbsp;ESPN Brasil<\/li>\n<li><a href=\"https:\/\/news.google.com\/rss\/articles\/CBMiwgFBVV95cUxPd1dkQ05VVWc0XzZPYzlPWjBFWjYzRXZEbUpYWFFqM3FOdEpSZnZDTzRCSi1FcHd5UHZDdTEzUnZpUVZRZjA3a3hVanNHYlNENjM4V1N6YmxDVjJwTklnaEE1eVJldHJweU9DNldsQndZYTEtN1JDWTJDdHV0c0czZDhDazVOZmgycWh3anFaU25ZUUdxQnJETzgzMXlLeDlQX3BJcnhSa0lMS1R3bU1Cbm5DOThZbFY2QTBSMXRZMm1hdw?oc=5\" target=\"_blank\" rel=\"nofollow noopener\">Talavera x Real Madrid na Copa do Rei: onde assistir ao vivo, hor\u00e1rio e escala\u00e7\u00e3o<\/a>&nbsp;&nbsp;Estad\u00e3o<\/li>\n<li><a href=\"https:\/\/news.google.com\/rss\/articles\/CBMiekFVX3lxTE5WVlhrSmVHRGZlbHhod1dGaVgwQzN2UHJqVDVGbE9DT0gwVXBqZTh3Y1ZXZFFCd3hQUHJMeVpOQ0FvT1pTcmdCWXdaa2hXOFNLbGpIdFJjclFTUWJla084U1IxVVBXbWw2N1Y0RXpVcWQxSDd1V3ZjclFn?oc=5\" target=\"_blank\" rel=\"nofollow noopener\">At\u00e9 fora de posi\u00e7\u00e3o Endrick tem boa atua\u00e7\u00e3o e refor\u00e7a \u2018injusti\u00e7a\u2019 no Real Madrid<\/a>&nbsp;&nbsp;Trivela<\/li>\n<\/ol>\n","protected":false},"excerpt":{"rendered":"Real Madrid sobrevive e segue em frente na Copa del Rey&nbsp;&nbsp;zerozero.pt Mbapp\u00e9 decide, e Real vence time da&hellip;\n","protected":false},"author":2,"featured_media":193180,"comment_status":"","ping_status":"","sticky":false,"template":"","format":"standard","meta":{"footnotes":""},"categories":[87],"tags":[3056,2685,135,16996,870,2698,526,31454,524,1003,6027,13,32,33,527,31535,525,134,31536,2697,523],"class_list":{"0":"post-193179","1":"post","2":"type-post","3":"status-publish","4":"format-standard","5":"has-post-thumbnail","7":"category-desporto","8":"tag-ao-vivo","9":"tag-bola","10":"tag-desporto","11":"tag-europeu","12":"tag-eventos","13":"tag-fifa","14":"tag-football","15":"tag-forum","16":"tag-futebol","17":"tag-liga-dos-campeoes","18":"tag-mundial","19":"tag-noticias","20":"tag-portugal","21":"tag-pt","22":"tag-resultados","23":"tag-resultados-em-directo","24":"tag-soccer","25":"tag-sports","26":"tag-torneios","27":"tag-uefa","28":"tag-zerozero"},"share_on_mastodon":{"url":"https:\/\/pubeurope.com\/@pt\/115740330262478287","error":""},"_links":{"self":[{"href":"https:\/\/www.europesays.com\/pt\/wp-json\/wp\/v2\/posts\/193179","targetHints":{"allow":["GET"]}}],"collection":[{"href":"https:\/\/www.europesays.com\/pt\/wp-json\/wp\/v2\/posts"}],"about":[{"href":"https:\/\/www.europesays.com\/pt\/wp-json\/wp\/v2\/types\/post"}],"author":[{"embeddable":true,"href":"https:\/\/www.europesays.com\/pt\/wp-json\/wp\/v2\/users\/2"}],"replies":[{"embeddable":true,"href":"https:\/\/www.europesays.com\/pt\/wp-json\/wp\/v2\/comments?post=193179"}],"version-history":[{"count":0,"href":"https:\/\/www.europesays.com\/pt\/wp-json\/wp\/v2\/posts\/193179\/revisions"}],"wp:featuredmedia":[{"embeddable":true,"href":"https:\/\/www.europesays.com\/pt\/wp-json\/wp\/v2\/media\/193180"}],"wp:attachment":[{"href":"https:\/\/www.europesays.com\/pt\/wp-json\/wp\/v2\/media?parent=193179"}],"wp:term":[{"taxonomy":"category","embeddable":true,"href":"https:\/\/www.europesays.com\/pt\/wp-json\/wp\/v2\/categories?post=193179"},{"taxonomy":"post_tag","embeddable":true,"href":"https:\/\/www.europesays.com\/pt\/wp-json\/wp\/v2\/tags?post=193179"}],"curies":[{"name":"wp","href":"https:\/\/api.w.org\/{rel}","templated":true}]}}