{"id":193189,"date":"2025-12-18T11:33:46","date_gmt":"2025-12-18T11:33:46","guid":{"rendered":"https:\/\/www.europesays.com\/pt\/193189\/"},"modified":"2025-12-18T11:33:46","modified_gmt":"2025-12-18T11:33:46","slug":"em-11-meses-fomos-do-pior-para-o-melhor","status":"publish","type":"post","link":"https:\/\/www.europesays.com\/pt\/193189\/","title":{"rendered":"Em 11 meses fomos do pior para o melhor"},"content":{"rendered":"<p>&#8220;Recebemos um pa\u00eds no caos e reerguemo-nos em apenas 11 meses.&#8221; Foi desta forma que o presidente norte-americano, Donald Trump, iniciou esta madrugada de quinta-feira, 18 de dezembro, o discurso \u00e0 na\u00e7\u00e3o, a partir da Casa Branca.<\/p>\n<p>Com duras cr\u00edticas ao seu antecessor, Joe Biden, o l\u00edder norte-americano fez um enorme discurso de autoelogio \u00e0 sua Administra\u00e7\u00e3o em todos os setores, a come\u00e7ar pela imigra\u00e7\u00e3o e a terminar na economia, dizendo que desde que chegou ao poder tudo melhorou, tudo foi &#8220;reconstru\u00eddo&#8221;.<\/p>\n<p><strong>&#8220;Em 11 meses pass\u00e1mos do pior para o melhor&#8221;, afirmou Donald Trump.<\/strong><\/p>\n<p>Com a sua Administra\u00e7\u00e3o, afirmou o atual inquilino da Casa Branca, &#8220;as fronteiras est\u00e3o totalmente seguras&#8221;, ao contr\u00e1rio do que acontecia h\u00e1 um ano. Algo que, sublinhou, foi conseguido sem ser necess\u00e1rio nova legisla\u00e7\u00e3o, &#8220;ao contr\u00e1rio do que diziam os democratas&#8221;.<\/p>\n<p>O ataque ao Partido Democrata foi, ali\u00e1s, um tema permanente ao longo do discurso, que teve pouco mais de 20 minutos, independentemente do assunto a que o presidente norte-americano se referisse, macro-economia, impostos, defesa ou assuntos internacionais.<\/p>\n<p>Ao contr\u00e1rio do que <a aria-label=\"content\" target=\"_blank\" href=\"https:\/\/www.dn.pt\/internacional\/comentador-tucker-carlson-afirma-que-trump-declarar-guerra-venezuela-esta-quarta-feira\" rel=\"nofollow noopener\">chegou a ser referido por comentadores<\/a>, o assunto da Venezuela esteve totalmente ausente do discurso.<\/p>\n<p>Tarifas e b\u00f3nus de Natal para militares<\/p>\n<p>No centro da estrat\u00e9gia econ\u00f3mica do seu governo, Trump destacou o papel das tarifas, que descreveu como a sua &#8220;palavra favorita&#8221;. Segundo o presidente dos EUA, esta pol\u00edtica j\u00e1 garantiu um investimento recorde de 18 bili\u00f5es de d\u00f3lares no pa\u00eds. <\/p>\n<p><strong>&#8220;As empresas sabem que, se constru\u00edrem na Am\u00e9rica, n\u00e3o h\u00e1 tarifas, e \u00e9 por isso que est\u00e3o a voltar para casa em n\u00fameros recorde&#8221;,<\/strong> garantiu, sublinhando que este movimento est\u00e1 a impulsionar a constru\u00e7\u00e3o de f\u00e1bricas de autom\u00f3veis e de Intelig\u00eancia Artificial a &#8220;n\u00edveis nunca vistos&#8221;. <\/p>\n<p>O presidente disse ainda que, desde que assumiu o cargo, &#8220;100% de todos os empregos criados foram no setor privado&#8221; e &#8220;100% da cria\u00e7\u00e3o l\u00edquida de emprego foi para cidad\u00e3os nascidos na Am\u00e9rica&#8221;.<\/p>\n<p>Trump regressou ao tema da seguran\u00e7a fronteiri\u00e7a, ao proclamar o fim da &#8220;invas\u00e3o&#8221; por parte de um &#8220;ex\u00e9rcito de 25 milh\u00f5es de pessoas&#8221; provenientes de &#8220;pris\u00f5es e institui\u00e7\u00f5es mentais&#8221;. Indo mais longe, declarou que o pa\u00eds vive agora uma &#8220;migra\u00e7\u00e3o reversa&#8221; e lan\u00e7ou duras cr\u00edticas \u00e0 situa\u00e7\u00e3o em estados como o Minnesota, onde afirmou que &#8220;somalis tomaram conta da economia do estado e roubaram bili\u00f5es e bili\u00f5es de d\u00f3lares&#8221;.<\/p>\n<p><strong>Depois, num an\u00fancio que visava surpreender a audi\u00eancia, o presidente revelou a cria\u00e7\u00e3o do &#8220;Warrior Dividend&#8221;, um b\u00f3nus de Natal para os militares. <\/strong><\/p>\n<p>&#8220;Estamos a enviar a cada soldado 1776 d\u00f3lares em honra da funda\u00e7\u00e3o da nossa na\u00e7\u00e3o em 1776&#8221;, declarou, acrescentando que &#8220;os cheques j\u00e1 est\u00e3o a caminho&#8221; e que a medida \u00e9 financiada pelas receitas das tarifas. <\/p>\n<p>Trump aproveitou tamb\u00e9m para anunciar o portal trumprx.gov, prometendo que os custos dos medicamentos v\u00e3o &#8220;descer a pique&#8221; atrav\u00e9s de negocia\u00e7\u00f5es diretas com farmac\u00eauticas e na\u00e7\u00f5es estrangeiras, com cortes que podem atingir os 600%.<\/p>\n<p>No plano externo e da seguran\u00e7a, o presidente dos EUA reivindicou ter resolvido &#8220;oito guerras em apenas dez meses&#8221;, incluindo o fim do conflito em Gaza e a neutraliza\u00e7\u00e3o da amea\u00e7a nuclear do Ir\u00e3o, trazendo paz ao M\u00e9dio Oriente &#8220;pela primeira vez em 3000 anos&#8221;. <\/p>\n<p>Donald Trump terminou o discurso com uma nota de otimismo para 2026, ano em que os EUA celebrar\u00e3o o seu 250.\u00ba anivers\u00e1rio e acolher\u00e3o o Campeonato do Mundo de Futebol e os Jogos Ol\u00edmpicos: &#8220;Quando o mundo olhar para n\u00f3s no pr\u00f3ximo ano, que veja uma na\u00e7\u00e3o leal aos seus cidad\u00e3os, confiante na sua identidade e a inveja de todo o globo.&#8221;<\/p>\n","protected":false},"excerpt":{"rendered":"&#8220;Recebemos um pa\u00eds no caos e reerguemo-nos em apenas 11 meses.&#8221; Foi desta forma que o presidente norte-americano,&hellip;\n","protected":false},"author":2,"featured_media":193190,"comment_status":"","ping_status":"","sticky":false,"template":"","format":"standard","meta":{"footnotes":""},"categories":[8],"tags":[27,28,5914,92,235,413,15,16,14,25,26,21,22,12,13,19,20,32,23,24,33,17,18,29,30,31],"class_list":{"0":"post-193189","1":"post","2":"type-post","3":"status-publish","4":"format-standard","5":"has-post-thumbnail","7":"category-principais-noticias","8":"tag-breaking-news","9":"tag-breakingnews","10":"tag-casa-branca","11":"tag-donald-trump","12":"tag-estados-unidos","13":"tag-eua","14":"tag-featured-news","15":"tag-featurednews","16":"tag-headlines","17":"tag-latest-news","18":"tag-latestnews","19":"tag-main-news","20":"tag-mainnews","21":"tag-news","22":"tag-noticias","23":"tag-noticias-principais","24":"tag-noticiasprincipais","25":"tag-portugal","26":"tag-principais-noticias","27":"tag-principaisnoticias","28":"tag-pt","29":"tag-top-stories","30":"tag-topstories","31":"tag-ultimas","32":"tag-ultimas-noticias","33":"tag-ultimasnoticias"},"share_on_mastodon":{"url":"https:\/\/pubeurope.com\/@pt\/115740361489911213","error":""},"_links":{"self":[{"href":"https:\/\/www.europesays.com\/pt\/wp-json\/wp\/v2\/posts\/193189","targetHints":{"allow":["GET"]}}],"collection":[{"href":"https:\/\/www.europesays.com\/pt\/wp-json\/wp\/v2\/posts"}],"about":[{"href":"https:\/\/www.europesays.com\/pt\/wp-json\/wp\/v2\/types\/post"}],"author":[{"embeddable":true,"href":"https:\/\/www.europesays.com\/pt\/wp-json\/wp\/v2\/users\/2"}],"replies":[{"embeddable":true,"href":"https:\/\/www.europesays.com\/pt\/wp-json\/wp\/v2\/comments?post=193189"}],"version-history":[{"count":0,"href":"https:\/\/www.europesays.com\/pt\/wp-json\/wp\/v2\/posts\/193189\/revisions"}],"wp:featuredmedia":[{"embeddable":true,"href":"https:\/\/www.europesays.com\/pt\/wp-json\/wp\/v2\/media\/193190"}],"wp:attachment":[{"href":"https:\/\/www.europesays.com\/pt\/wp-json\/wp\/v2\/media?parent=193189"}],"wp:term":[{"taxonomy":"category","embeddable":true,"href":"https:\/\/www.europesays.com\/pt\/wp-json\/wp\/v2\/categories?post=193189"},{"taxonomy":"post_tag","embeddable":true,"href":"https:\/\/www.europesays.com\/pt\/wp-json\/wp\/v2\/tags?post=193189"}],"curies":[{"name":"wp","href":"https:\/\/api.w.org\/{rel}","templated":true}]}}