{"id":193202,"date":"2025-12-18T11:46:09","date_gmt":"2025-12-18T11:46:09","guid":{"rendered":"https:\/\/www.europesays.com\/pt\/193202\/"},"modified":"2025-12-18T11:46:09","modified_gmt":"2025-12-18T11:46:09","slug":"quebra-na-saida-de-portugueses-para-o-reino-unido-trava-emigracao","status":"publish","type":"post","link":"https:\/\/www.europesays.com\/pt\/193202\/","title":{"rendered":"Quebra na sa\u00edda de portugueses para o Reino Unido trava emigra\u00e7\u00e3o"},"content":{"rendered":"<p data-remotead-prev-elm=\"true\" data-remotead-elm-id=\"inread\">A emigra\u00e7\u00e3o continua a abrandar, registando-se uma ligeira desacelera\u00e7\u00e3o nos fluxos de sa\u00edda do pa\u00eds, segundo dados do Observat\u00f3rio da Emigra\u00e7\u00e3o (CIES) do ISCTE. Estima-se que, em 2024, cerca de 65 mil portugueses tenham emigrado, menos cinco mil do que em 2023, aproximando-se assim dos valores verificados na primeira d\u00e9cada deste s\u00e9culo.<\/p>\n<p>Segundo o Observat\u00f3rio, a principal raz\u00e3o para esta diminui\u00e7\u00e3o prende-se com os efeitos recessivos do Brexit sobre a emigra\u00e7\u00e3o para o Reino Unido. Entre 2023 e 2024, o fluxo de portugueses para o territ\u00f3rio brit\u00e2nico caiu 37%, refletindo uma tend\u00eancia de longo prazo: em 2015, mais de 32 mil portugueses emigraram para o Reino Unido, enquanto em 2024 este n\u00famero ter\u00e1 descido para menos de tr\u00eas mil.<\/p>\n<p>Os dados sugerem que, nos pr\u00f3ximos anos, a emigra\u00e7\u00e3o dever\u00e1 estabilizar entre 60 e 65 mil sa\u00eddas anuais. Entre os destinos preferenciais, destacam-se a Su\u00ed\u00e7a, com 12.388 entradas, e a vizinha Espanha, com 11.332. Fran\u00e7a surge como prov\u00e1vel terceiro destino, considerando que, em 2023, registou 7426 entradas, seguida da Alemanha, com 7410. Um terceiro grupo de destinos inclui os pa\u00edses do Benelux: B\u00e9lgica (5471 sa\u00eddas), Pa\u00edses Baixos (4795) e Luxemburgo (3469).<\/p>\n<p>Estabiliza\u00e7\u00e3o<\/p>\n<p data-remotead-prev-elm=\"true\" data-remotead-elm-id=\"centro1\">A trajet\u00f3ria recente indica uma estabiliza\u00e7\u00e3o da emigra\u00e7\u00e3o. A queda do Reino Unido como destino privilegiado n\u00e3o s\u00f3 altera o mapa migrat\u00f3rio portugu\u00eas como evidencia a sensibilidade dos fluxos emigrat\u00f3rios \u00e0s conjunturas.<\/p>\n<p>&#8220;Cinco dos sete principais pa\u00edses de destino da emigra\u00e7\u00e3o portuguesa continuam a ter maioritariamente uma migra\u00e7\u00e3o com baixas qualifica\u00e7\u00f5es escolares: Su\u00ed\u00e7a, Espanha, Fran\u00e7a, Alemanha e Luxemburgo&#8221;, afirma In\u00eas Vidigal, coordenadora do Observat\u00f3rio da Emigra\u00e7\u00e3o.<\/p>\n<p>Apesar da redu\u00e7\u00e3o, a mobilidade internacional mant\u00e9m-se como uma estrat\u00e9gia para muitos portugueses. A estabiliza\u00e7\u00e3o indica que a emigra\u00e7\u00e3o, embora menos intensa que h\u00e1 uma d\u00e9cada, continua a ser um fen\u00f3meno estrutural e relevante.<\/p>\n","protected":false},"excerpt":{"rendered":"A emigra\u00e7\u00e3o continua a abrandar, registando-se uma ligeira desacelera\u00e7\u00e3o nos fluxos de sa\u00edda do pa\u00eds, segundo dados do&hellip;\n","protected":false},"author":2,"featured_media":193203,"comment_status":"","ping_status":"","sticky":false,"template":"","format":"standard","meta":{"footnotes":""},"categories":[50],"tags":[27,28,38789,1764,23366,15,16,14,25,26,21,22,62,619,12,13,19,20,23,24,713,17,18,29,30,31,63,64,65],"class_list":{"0":"post-193202","1":"post","2":"type-post","3":"status-publish","4":"format-standard","5":"has-post-thumbnail","7":"category-mundo","8":"tag-breaking-news","9":"tag-breakingnews","10":"tag-brexit","11":"tag-emigracao","12":"tag-estatisticas","13":"tag-featured-news","14":"tag-featurednews","15":"tag-headlines","16":"tag-latest-news","17":"tag-latestnews","18":"tag-main-news","19":"tag-mainnews","20":"tag-mundo","21":"tag-nacional","22":"tag-news","23":"tag-noticias","24":"tag-noticias-principais","25":"tag-noticiasprincipais","26":"tag-principais-noticias","27":"tag-principaisnoticias","28":"tag-reino-unido","29":"tag-top-stories","30":"tag-topstories","31":"tag-ultimas","32":"tag-ultimas-noticias","33":"tag-ultimasnoticias","34":"tag-world","35":"tag-world-news","36":"tag-worldnews"},"share_on_mastodon":{"url":"https:\/\/pubeurope.com\/@pt\/115740408776195440","error":""},"_links":{"self":[{"href":"https:\/\/www.europesays.com\/pt\/wp-json\/wp\/v2\/posts\/193202","targetHints":{"allow":["GET"]}}],"collection":[{"href":"https:\/\/www.europesays.com\/pt\/wp-json\/wp\/v2\/posts"}],"about":[{"href":"https:\/\/www.europesays.com\/pt\/wp-json\/wp\/v2\/types\/post"}],"author":[{"embeddable":true,"href":"https:\/\/www.europesays.com\/pt\/wp-json\/wp\/v2\/users\/2"}],"replies":[{"embeddable":true,"href":"https:\/\/www.europesays.com\/pt\/wp-json\/wp\/v2\/comments?post=193202"}],"version-history":[{"count":0,"href":"https:\/\/www.europesays.com\/pt\/wp-json\/wp\/v2\/posts\/193202\/revisions"}],"wp:featuredmedia":[{"embeddable":true,"href":"https:\/\/www.europesays.com\/pt\/wp-json\/wp\/v2\/media\/193203"}],"wp:attachment":[{"href":"https:\/\/www.europesays.com\/pt\/wp-json\/wp\/v2\/media?parent=193202"}],"wp:term":[{"taxonomy":"category","embeddable":true,"href":"https:\/\/www.europesays.com\/pt\/wp-json\/wp\/v2\/categories?post=193202"},{"taxonomy":"post_tag","embeddable":true,"href":"https:\/\/www.europesays.com\/pt\/wp-json\/wp\/v2\/tags?post=193202"}],"curies":[{"name":"wp","href":"https:\/\/api.w.org\/{rel}","templated":true}]}}