{"id":19321,"date":"2025-08-07T05:26:12","date_gmt":"2025-08-07T05:26:12","guid":{"rendered":"https:\/\/www.europesays.com\/pt\/19321\/"},"modified":"2025-08-07T05:26:12","modified_gmt":"2025-08-07T05:26:12","slug":"2o-temporada-foca-no-terror-e-da-mais-destaque-para-a-familia-addams","status":"publish","type":"post","link":"https:\/\/www.europesays.com\/pt\/19321\/","title":{"rendered":"2\u00ba temporada foca no terror e d\u00e1 mais destaque para a Fam\u00edlia Addams"},"content":{"rendered":"<p dir=\"ltr\">Jenna Ortega ascendeu em Hollywood pelo trabalho em <a href=\"https:\/\/www.correiobraziliense.com.br\/tags\/wandinha\/\" rel=\"nofollow noopener\" target=\"_blank\">Wandinha<\/a> (Wednesday), e, nesta quarta (6\/8), a segunda temporada da s\u00e9rie estreia na Netflix. Ultrapassando Stranger Things e Bridgerton em audi\u00eancia, Wandinha \u00e9 a s\u00e9rie em l\u00edngua inglesa mais vista do streaming. Os primeiros quatro epis\u00f3dios j\u00e1 est\u00e3o dispon\u00edveis na plataforma, enquanto os outros cap\u00edtulos chegam \u00e0 Netflix em 3 de setembro.\u00a0<\/p>\n<p dir=\"ltr\">Mesmo com o sucesso, cr\u00edticas \u00e0 um clich\u00ea adolescente que se sobressaiu a atmosfera sombria dos Addams resultaram da primeira temporada. Nesta sequ\u00eancia, <a href=\"https:\/\/www.correiobraziliense.com.br\/tags\/tim-burton\/page\/1\/\" rel=\"nofollow noopener\" target=\"_blank\">Tim Burton<\/a> retorna para a produ\u00e7\u00e3o e dire\u00e7\u00e3o de alguns epis\u00f3dios para evidenciar o tom de terror presente nas adapta\u00e7\u00f5es anteriores \u2014 inspiradas no quadrinho A Fam\u00edlia Addams (1938), do cartunista Charles Addams para a revista The New Yorker.<\/p>\n<p>Sinopse\u00a0<\/p>\n<p dir=\"ltr\">Em um novo ano na escola Nunca Mais, os outros membros da fam\u00edlia Addams ganham destaque. Feioso (Isaac Ordonez) se junta aos estudantes exclu\u00eddos, e Gomez (Lu\u00eds Guzman) e Morticia (Catherine Zeta-Jones) lideram o comit\u00ea de doa\u00e7\u00f5es de ex-alunos. Agora, a primog\u00eanita inexpressiva dos Addams lida com o poder das vis\u00f5es e com as consequ\u00eancias de ter salvo a academia no ano anterior. O cen\u00e1rio tamb\u00e9m mudou, sendo gravado em arquiteturas g\u00f3ticas na Rom\u00eania.\u00a0<\/p>\n<p dir=\"ltr\">Sem um poss\u00edvel desenvolvimento rom\u00e2ntico de Wandinha, a segunda temporada foca na resolu\u00e7\u00e3o de novos assassinatos, no retorno e adi\u00e7\u00e3o de figuras misteriosas \u2014 como a m\u00e3e de Mort\u00edcia, interpretada por Joanna Lumley, e a atua\u00e7\u00e3o de <a href=\"https:\/\/www.correiobraziliense.com.br\/tags\/lady-gaga\/\" rel=\"nofollow noopener\" target=\"_blank\">Lady Gaga<\/a> como uma professora de artes ocultas \u2014 e na narrativa de personagens coadjuvantes \u2014 como Bianca (Joy Sunday), cujo arco est\u00e1 ligado a matriarca Addams, e ao novo diretor de Nunca Mais, o misterioso Barry Dort (Steve Buscemi). Evidencia-se tamb\u00e9m Enid (Emma Myers), cuja morte \u00e9 uma das previs\u00f5es de Wandinha.<\/p>\n<p>Mudan\u00e7a de curso<\/p>\n<p dir=\"ltr\">Alfred Gough e Miles Millar, criadores da s\u00e9rie, optaram por ressaltar o ar macabro e \u00e1cido de Wandinha na segunda temporada\u2014 proposta de Charles Addams nas ilustra\u00e7\u00f5es e motivo do sucesso da franquia. Ortega, inclusive, j\u00e1 havia criticado o papel em entrevista ao podcast Armchair Expert, dizendo que n\u00e3o queria ser reconhecida por ele e que j\u00e1 at\u00e9 mudou algumas falas: \u201cTudo o que ela faz, tudo que eu tive que interpretar, n\u00e3o fazia sentido para a personagem de jeito nenhum. Ela estar em um tri\u00e2ngulo amoroso n\u00e3o faz sentido.\u201d<\/p>\n<p dir=\"ltr\">&#8220;Acho que um dos motivos pelos quais as pessoas se identificam tanto com a fam\u00edlia Addams \u00e9 justamente pela estranheza deles&#8221;, acrescentou Ortega \u00e0 BBC, desaprovando a decis\u00e3o dos criadores de adaptar a narrativa dos Addams para uma linguagem popular e infantilizada.\u00a0<\/p>\n<p>Pol\u00eamica\u00a0<\/p>\n<p dir=\"ltr\">Percy Hynes White, que interpretou Xavier Thorpe \u2014 um dos interesses rom\u00e2nticos de Wandinha na primeira temporada \u2014, <a href=\"https:\/\/www.correiobraziliense.com.br\/diversao-e-arte\/2023\/01\/5067412-ator-de-wandinha-e-acusado-de-assedio-por-varias-jovens-na-internet.html\" rel=\"nofollow noopener\" target=\"_blank\">foi acusado de ass\u00e9dio sexual<\/a> por adolescentes logo ap\u00f3s o lan\u00e7amento da s\u00e9rie, em 2022. Uma usu\u00e1ria an\u00f4nima relatou no X (antigo Twitter) que o ator teria promovido festas onde embebedava meninas para manter rela\u00e7\u00f5es sexuais sem consentimento.<\/p>\n<p dir=\"ltr\">Outras jovens refor\u00e7aram a den\u00fancia com relatos semelhantes, incluindo envio de mensagens \u00edntimas. As postagens foram apagadas das redes, mas, na \u00e9poca das acusa\u00e7\u00f5es, Percy tinha entre 17 e 20 anos. O ator negou, disse n\u00e3o conhecer a denunciante e alegou ter sido alvo de uma campanha de desinforma\u00e7\u00e3o. Segundo ele, a pol\u00eamica tamb\u00e9m resultou em amea\u00e7as de morte \u00e0 sua fam\u00edlia e amigos.<\/p>\n<p dir=\"ltr\">Ap\u00f3s a repercuss\u00e3o, surgiu a hashtag \u201cCancelePercy\u201d, com pedidos para sua retirada da s\u00e9rie. Sem comentar o caso publicamente, a Netflix n\u00e3o o escalou para a segunda temporada de Wandinha. Na trama, Percy interpretava um estudante com o poder de dar vida aos pr\u00f3prios desenhos.<\/p>\n<p>A arte imita a vida<\/p>\n<p dir=\"ltr\"><a href=\"https:\/\/www.correiobraziliense.com.br\/tags\/jenna-ortega\/\" rel=\"nofollow noopener\" target=\"_blank\">Jenna Ortega<\/a> j\u00e1 havia\u00a0mostrado semelhan\u00e7as com Wandinha antes da s\u00e9rie nas suas declara\u00e7\u00f5es e estilo pessoal. Em 2016, a atriz, que tinha 14 anos na \u00e9poca, vestiu um modelo bem parecido com os encontrados no figurino da personagem.\u00a0<\/p>\n<p dir=\"ltr\">Em entrevista \u00e0 Wired, revelou que costumava fazer aut\u00f3psias em pequenos animais durante a inf\u00e2ncia. Ao inv\u00e9s de brincar com as outras crian\u00e7as, Ortega preferia manusear os animais, como \u201cpequenos lagartos que eu achava mortos no meu quintal&#8221;. A revela\u00e7\u00e3o foi motivo de comparativo para alguns internautas, enquanto outros questionaram a veracidade da informa\u00e7\u00e3o devido a promo\u00e7\u00e3o da s\u00e9rie.\u00a0<\/p>\n<p class=\"texto\"><strong><a href=\"https:\/\/whatsapp.com\/channel\/0029VaB1U9a002T64ex1Sy2w\" target=\"_blank\" rel=\"nofollow noopener\">Siga o canal do Correio no WhatsApp e receba as principais not\u00edcias do dia no seu celular<\/a><\/strong><\/p>\n<p>Cr\u00edtica<\/p>\n<p dir=\"ltr\">A Parte 1 da nova temporada de Wandinha teve melhor recep\u00e7\u00e3o no Rotten Tomatoes: 85% de aprova\u00e7\u00e3o, contra 73% da primeira, lan\u00e7ada em 2022. Cr\u00edticos destacaram o vigor da trama, o carisma de Jenna Ortega e os elementos visuais t\u00edpicos de Tim Burton.<\/p>\n<p dir=\"ltr\">Para a Variety, a s\u00e9rie segue \u201cassustadora e encantadora\u201d, enquanto o Guardian a definiu como \u201cdivertidamente selvagem\u201d. J\u00e1 o RogerEbert.com elogiou a evolu\u00e7\u00e3o da protagonista, mas alertou para epis\u00f3dios longos e tramas paralelas que quebram o ritmo.<\/p>\n<p dir=\"ltr\">Por outro lado, ve\u00edculos como Hollywood Reporter, Daily Beast e IndieWire criticaram o foco excessivo na Fam\u00edlia Addams, que deixa a protagonista em segundo plano, a falta de inspira\u00e7\u00e3o e o desequil\u00edbrio entre estilo e conte\u00fado.<\/p>\n<p class=\"texto\">\u00a0<\/p>\n<p>                            <a href=\"https:\/\/www.correiobraziliense.com.br\/autor\/bianca-lucca\/page\/1\/\" style=\"height: 100%;\" rel=\"nofollow noopener\" target=\"_blank\"><img decoding=\"async\" class=\"hidden-print author-circle d-block h6 mt-0 mb-0 mr-6 text-center\" src=\"https:\/\/www.europesays.com\/pt\/wp-content\/uploads\/2025\/07\/whatsapp_image_2025_01_07_at_20_59_47-44349236.jpeg\" alt=\"\" width=\"40\" height=\"40\" loading=\"lazy\" style=\"object-fit:cover; width: 40px; height: 40px; margin-right:10px;\"\/><\/a><a href=\"https:\/\/www.correiobraziliense.com.br\/autor\/bianca-lucca\/page\/1\/\" rel=\"nofollow noopener\" target=\"_blank\"><img decoding=\"async\" class=\"hidden-print author-circle d-block h6 mt-0 mb-0 mr-6 text-center\" src=\"https:\/\/www.europesays.com\/pt\/wp-content\/uploads\/2025\/07\/whatsapp_image_2025_01_07_at_20_59_47-44349236.jpeg\" alt=\"\" width=\"40\" height=\"40\" loading=\"lazy\" style=\"object-fit:cover; width: 40px; height: 40px; margin-right:10px;\"\/><\/a>Bianca Lucca  <strong class=\"entryStrongAuthor\">Rep\u00f3rter<\/strong><\/p>\n<p class=\"entryDescricaoAuthor\">Jornalista pelo Centro Universit\u00e1rio de Bras\u00edlia, apaixonada por literatura e quest\u00f5es sociais. Passou pela editoria de Cultura e agora escreve para o CB On-line, onde assina o Blog Daquilo.<\/p>\n","protected":false},"excerpt":{"rendered":"Jenna Ortega ascendeu em Hollywood pelo trabalho em Wandinha (Wednesday), e, nesta quarta (6\/8), a segunda temporada da&hellip;\n","protected":false},"author":2,"featured_media":19322,"comment_status":"","ping_status":"","sticky":false,"template":"","format":"standard","meta":{"footnotes":""},"categories":[142],"tags":[5681,114,115,7156,4419,7158,716,32,33,7159,1473,151,7162,1474,7157,7155,7160,7161],"class_list":{"0":"post-19321","1":"post","2":"type-post","3":"status-publish","4":"format-standard","5":"has-post-thumbnail","7":"category-tv","8":"tag-a-familia-addams","9":"tag-entertainment","10":"tag-entretenimento","11":"tag-familia-addams","12":"tag-jenna-ortega","13":"tag-jenna-ortega-before-after","14":"tag-netflix","15":"tag-portugal","16":"tag-pt","17":"tag-quantos-episodios-tem-a-segunda-temporada-de-wandinha","18":"tag-tim-burton","19":"tag-tv","20":"tag-wandinh","21":"tag-wandinha","22":"tag-wandinha-2-temporada-elenco","23":"tag-wandinha-addams","24":"tag-wednesday-addams","25":"tag-wednesday-addams-1991"},"share_on_mastodon":{"url":"","error":""},"_links":{"self":[{"href":"https:\/\/www.europesays.com\/pt\/wp-json\/wp\/v2\/posts\/19321","targetHints":{"allow":["GET"]}}],"collection":[{"href":"https:\/\/www.europesays.com\/pt\/wp-json\/wp\/v2\/posts"}],"about":[{"href":"https:\/\/www.europesays.com\/pt\/wp-json\/wp\/v2\/types\/post"}],"author":[{"embeddable":true,"href":"https:\/\/www.europesays.com\/pt\/wp-json\/wp\/v2\/users\/2"}],"replies":[{"embeddable":true,"href":"https:\/\/www.europesays.com\/pt\/wp-json\/wp\/v2\/comments?post=19321"}],"version-history":[{"count":0,"href":"https:\/\/www.europesays.com\/pt\/wp-json\/wp\/v2\/posts\/19321\/revisions"}],"wp:featuredmedia":[{"embeddable":true,"href":"https:\/\/www.europesays.com\/pt\/wp-json\/wp\/v2\/media\/19322"}],"wp:attachment":[{"href":"https:\/\/www.europesays.com\/pt\/wp-json\/wp\/v2\/media?parent=19321"}],"wp:term":[{"taxonomy":"category","embeddable":true,"href":"https:\/\/www.europesays.com\/pt\/wp-json\/wp\/v2\/categories?post=19321"},{"taxonomy":"post_tag","embeddable":true,"href":"https:\/\/www.europesays.com\/pt\/wp-json\/wp\/v2\/tags?post=19321"}],"curies":[{"name":"wp","href":"https:\/\/api.w.org\/{rel}","templated":true}]}}