{"id":193211,"date":"2025-12-18T11:56:41","date_gmt":"2025-12-18T11:56:41","guid":{"rendered":"https:\/\/www.europesays.com\/pt\/193211\/"},"modified":"2025-12-18T11:56:41","modified_gmt":"2025-12-18T11:56:41","slug":"expulsao-injusta-e-golo-fantasma-a-reacao-do-f-c-porto-a-primeira-derrota-nos-sub-19","status":"publish","type":"post","link":"https:\/\/www.europesays.com\/pt\/193211\/","title":{"rendered":"&#8220;Expuls\u00e3o injusta e golo fantasma&#8221;: a rea\u00e7\u00e3o do F. C. Porto \u00e0 primeira derrota nos sub-19"},"content":{"rendered":"<p data-remotead-prev-elm=\"true\" data-remotead-elm-id=\"inread\">O F. C. Porto fez a habitual cr\u00f3nica de jogo dos sub-19, esta quarta-feira, e lan\u00e7ou fortes cr\u00edticas \u00e0 equipa de arbitragem liderada por Rui M\u00f3nica.<\/p>\n<p>&#8220;L\u00edderes isolados com 40 pontos &#8211; mais 10 do que o Famalic\u00e3o, que tem mais dois jogos disputados, &#8211; os Drag\u00f5es foram em desvantagem para o intervalo, mas a tarefa complicou-se ainda mais com o cart\u00e3o vermelho direto exibido erradamente ao guarda-redes Diogo Pereira (52m) num lance precedido de falta clara do conjunto minhoto&#8221;, pode ler-se no site dos azuis e brancos.<\/p>\n<p>&#8220;Pouco depois, Rui M\u00f3nica fez vista grossa a um pen\u00e1lti clar\u00edssimo sobre Duarte Cunha, mas ainda antes do 1-2 assinado por Juli\u00e1n P\u00e9rez (90m+6), o \u00e1rbitro validou o segundo golo do SC Braga num lance em que a bola nem sequer entrou na baliza portista e em que o \u00e1rbitro assistente est\u00e1 20 metros atrasado em rela\u00e7\u00e3o \u00e0 linha de golo&#8221;, completam.<\/p>\n<p>Ap\u00f3s este jogo, o F. C. Porto sofreu a primeira derrota na S\u00e9rie Norte, mas prossegue no topo da classifica\u00e7\u00e3o com 40 pontos, mais 10 que o segundo Famalic\u00e3o, que tem ainda mais dois jogos. J\u00e1 o Braga chegou aos 23 pontos e igualou o rival Vit\u00f3ria de Guimar\u00e3es na disputa pelo quarta e \u00faltimo lugar de acesso \u00e0 fase de campe\u00e3o do escal\u00e3o.<\/p>\n","protected":false},"excerpt":{"rendered":"O F. C. Porto fez a habitual cr\u00f3nica de jogo dos sub-19, esta quarta-feira, e lan\u00e7ou fortes cr\u00edticas&hellip;\n","protected":false},"author":2,"featured_media":193212,"comment_status":"","ping_status":"","sticky":false,"template":"","format":"standard","meta":{"footnotes":""},"categories":[87],"tags":[1912,135,20558,32,33,134,8340],"class_list":{"0":"post-193211","1":"post","2":"type-post","3":"status-publish","4":"format-standard","5":"has-post-thumbnail","7":"category-desporto","8":"tag-braga","9":"tag-desporto","10":"tag-f-c-porto","11":"tag-portugal","12":"tag-pt","13":"tag-sports","14":"tag-sub-19"},"share_on_mastodon":{"url":"https:\/\/pubeurope.com\/@pt\/115740448073288968","error":""},"_links":{"self":[{"href":"https:\/\/www.europesays.com\/pt\/wp-json\/wp\/v2\/posts\/193211","targetHints":{"allow":["GET"]}}],"collection":[{"href":"https:\/\/www.europesays.com\/pt\/wp-json\/wp\/v2\/posts"}],"about":[{"href":"https:\/\/www.europesays.com\/pt\/wp-json\/wp\/v2\/types\/post"}],"author":[{"embeddable":true,"href":"https:\/\/www.europesays.com\/pt\/wp-json\/wp\/v2\/users\/2"}],"replies":[{"embeddable":true,"href":"https:\/\/www.europesays.com\/pt\/wp-json\/wp\/v2\/comments?post=193211"}],"version-history":[{"count":0,"href":"https:\/\/www.europesays.com\/pt\/wp-json\/wp\/v2\/posts\/193211\/revisions"}],"wp:featuredmedia":[{"embeddable":true,"href":"https:\/\/www.europesays.com\/pt\/wp-json\/wp\/v2\/media\/193212"}],"wp:attachment":[{"href":"https:\/\/www.europesays.com\/pt\/wp-json\/wp\/v2\/media?parent=193211"}],"wp:term":[{"taxonomy":"category","embeddable":true,"href":"https:\/\/www.europesays.com\/pt\/wp-json\/wp\/v2\/categories?post=193211"},{"taxonomy":"post_tag","embeddable":true,"href":"https:\/\/www.europesays.com\/pt\/wp-json\/wp\/v2\/tags?post=193211"}],"curies":[{"name":"wp","href":"https:\/\/api.w.org\/{rel}","templated":true}]}}