{"id":193229,"date":"2025-12-18T12:17:15","date_gmt":"2025-12-18T12:17:15","guid":{"rendered":"https:\/\/www.europesays.com\/pt\/193229\/"},"modified":"2025-12-18T12:17:15","modified_gmt":"2025-12-18T12:17:15","slug":"filho-de-rob-reiner-fica-em-prisao-preventiva-sem-fianca-observador","status":"publish","type":"post","link":"https:\/\/www.europesays.com\/pt\/193229\/","title":{"rendered":"Filho de Rob Reiner fica em pris\u00e3o preventiva sem fian\u00e7a \u2013 Observador"},"content":{"rendered":"<p>Nick Reiner, acusado de homic\u00eddio do primeiro grau dos pais, Rob e Michele\u00a0Reiner, vai ficar em pris\u00e3o preventiva, sem possibilidade de sair sob fian\u00e7a, at\u00e9 ao pr\u00f3ximo dia 7 de janeiro, <a href=\"https:\/\/www.cnn.com\/entertainment\/live-news\/rob-reiner-death-nick-son-12-17-25?post-id=cmja8r2um0000356p37l6arqa&amp;t=1765996256287\" rel=\"nofollow noopener\" target=\"_blank\">noticiou a CNN<\/a>. Nick fez esta quarta-feira a primeira apari\u00e7\u00e3o em tribunal ap\u00f3s se detido, tendo o seu advogado considerado que era \u201c<strong>demasiado cedo<\/strong>\u201d para se declarar inocente ou culpado.<\/p>\n<p>A ida de Nick Reiner ao tribunal foi breve, aparecendo para renunciar ao seu direito a um julgamento r\u00e1pido. Alan Jackson, o principal representante da equipa de tr\u00eas advogados, justificou esta decis\u00e3o \u00e0 imprensa por estarem em causa \u201c<strong>quest\u00f5es muito, muito complexas e s\u00e9rias<\/strong>\u201c, num caso que tem de ser tratado \u201cde forma minuciosa, mas com muito cuidado, e examinado, analisado e avaliado\u201d.<\/p>\n<p>A acusa\u00e7\u00e3o formal foi feita na passada ter\u00e7a-feira, numa confer\u00eancia de imprensa, havendo ainda uma \u201calega\u00e7\u00e3o especial\u201d contra Nick Reiner pelo facto de ter usado uma arma perigosa \u2014 neste caso, uma faca.<\/p>\n<p>Entretanto, esta quarta-feira, o m\u00e9dico legista do condado de Los Angeles divulgou os registos da causa de morte do casal Reiner, informando que morreram v\u00edtima de \u201cm\u00faltiplas les\u00f5es por for\u00e7a cortante\u201d.<\/p>\n<p>J\u00e1 a forma da morte, indicou ainda o m\u00e9dico-legista, foi determinada como sendo \u201chomic\u00eddio\u201d, ou seja, causada mesmo por outra pessoa. J\u00e1 o termo de \u201cles\u00f5es por for\u00e7a cortante\u201d \u00e9 usado quando se tratam de ferimentos por uma faca.<\/p>\n<p>A data da morte foi tamb\u00e9m descoberta. Rob e Michele Reiner foram mortos no domingo, no mesmo dia em que os seus corpos foram descobertos no quarto principal da sua casa em Los Angeles. Segundo uma fonte citada pela CNN, foi a filha, Romy, que encontrou os pais quando os foi visitar naquele dia, por volta das 15h00, na hora local. Depois de os ver, correu para a sua casa, que fica do outro lado da rua, para dizer a uma amiga para chamar o n\u00famero de emerg\u00eancia.<\/p>\n<p>Tamb\u00e9m esta quarta-feira, os outros filhos de Rob e Michele Reiner quebraram o sil\u00eancio num primeiro comunicado desde a morte dos pais, encontrados este domingo pelas autoridades.<\/p>\n<p>\u201cN\u00e3o h\u00e1 palavras que possam descrever a dor inimagin\u00e1vel que sentimos a cada momento do dia\u201d, l\u00ea-se na declara\u00e7\u00e3o de Jake e Romy Reiner <a href=\"https:\/\/www.cnn.com\/entertainment\/live-news\/rob-reiner-death-nick-son-12-17-25?post-id=cmjab7icq00003b6pcunncy61\" rel=\"nofollow noopener\" target=\"_blank\">citada pela CNN<\/a>. \u201cA perda terr\u00edvel e devastadora dos nossos pais [\u2026] \u00e9 algo que ningu\u00e9m deveria passar. <strong>Eles n\u00e3o eram apenas nossos pais; eram os nossos melhores amigos<\/strong>\u201c, escreveram.<\/p>\n<p>\u201cEstamos gratos pelas in\u00fameras condol\u00eancias, gentileza e apoio que recebemos n\u00e3o s\u00f3 da fam\u00edlia e amigos, mas tamb\u00e9m de <strong>pessoas de todas as esferas da vida<\/strong>\u201c, acrescentaram os filhos, que pediram ainda \u201crespeito e privacidade, que as especula\u00e7\u00f5es sejam moderadas com compaix\u00e3o e humanidade, e que os pais sejam lembrados pelas vidas incr\u00edveis que viveram e pelo amor que deram\u201d.<\/p>\n","protected":false},"excerpt":{"rendered":"Nick Reiner, acusado de homic\u00eddio do primeiro grau dos pais, Rob e Michele\u00a0Reiner, vai ficar em pris\u00e3o preventiva,&hellip;\n","protected":false},"author":2,"featured_media":193230,"comment_status":"","ping_status":"","sticky":false,"template":"","format":"standard","meta":{"footnotes":""},"categories":[85],"tags":[624,604,114,115,623,62,32,33,58],"class_list":{"0":"post-193229","1":"post","2":"type-post","3":"status-publish","4":"format-standard","5":"has-post-thumbnail","7":"category-entretenimento","8":"tag-amu00e9rica","9":"tag-crime","10":"tag-entertainment","11":"tag-entretenimento","12":"tag-estados-unidos-da-amu00e9rica","13":"tag-mundo","14":"tag-portugal","15":"tag-pt","16":"tag-sociedade"},"share_on_mastodon":{"url":"https:\/\/pubeurope.com\/@pt\/115740530799919977","error":""},"_links":{"self":[{"href":"https:\/\/www.europesays.com\/pt\/wp-json\/wp\/v2\/posts\/193229","targetHints":{"allow":["GET"]}}],"collection":[{"href":"https:\/\/www.europesays.com\/pt\/wp-json\/wp\/v2\/posts"}],"about":[{"href":"https:\/\/www.europesays.com\/pt\/wp-json\/wp\/v2\/types\/post"}],"author":[{"embeddable":true,"href":"https:\/\/www.europesays.com\/pt\/wp-json\/wp\/v2\/users\/2"}],"replies":[{"embeddable":true,"href":"https:\/\/www.europesays.com\/pt\/wp-json\/wp\/v2\/comments?post=193229"}],"version-history":[{"count":0,"href":"https:\/\/www.europesays.com\/pt\/wp-json\/wp\/v2\/posts\/193229\/revisions"}],"wp:featuredmedia":[{"embeddable":true,"href":"https:\/\/www.europesays.com\/pt\/wp-json\/wp\/v2\/media\/193230"}],"wp:attachment":[{"href":"https:\/\/www.europesays.com\/pt\/wp-json\/wp\/v2\/media?parent=193229"}],"wp:term":[{"taxonomy":"category","embeddable":true,"href":"https:\/\/www.europesays.com\/pt\/wp-json\/wp\/v2\/categories?post=193229"},{"taxonomy":"post_tag","embeddable":true,"href":"https:\/\/www.europesays.com\/pt\/wp-json\/wp\/v2\/tags?post=193229"}],"curies":[{"name":"wp","href":"https:\/\/api.w.org\/{rel}","templated":true}]}}